
{"id":10,"date":"2015-02-12T01:38:45","date_gmt":"2015-02-12T01:38:45","guid":{"rendered":"http:\/\/tudosites.com\/demo\/wordpress\/megaportal\/?p=10"},"modified":"2016-08-28T15:34:03","modified_gmt":"2016-08-28T15:34:03","slug":"manifestacao-contra-falta-dagua-tem-tumulto-na-avenida-paulista","status":"publish","type":"post","link":"https:\/\/pageup-solutions.com\/sitenoticiasV7\/manifestacao-contra-falta-dagua-tem-tumulto-na-avenida-paulista\/","title":{"rendered":"Manifesta\u00e7\u00e3o contra falta d&#8217;\u00e1gua tem tumulto na Avenida Paulista"},"content":{"rendered":"<p style=\"color: #333333;\"><a href=\"http:\/\/projetos.pageup-solutions.com.br\/sitenoticiasV7\/wp-content\/uploads\/2015\/02\/sig20150211075_11.jpg\"><img loading=\"lazy\" class=\"alignnone size-full wp-image-11\" src=\"http:\/\/projetos.pageup-solutions.com.br\/sitenoticiasV7\/wp-content\/uploads\/2015\/02\/sig20150211075_11.jpg\" alt=\"sig20150211075_1[1]\" width=\"620\" height=\"465\" srcset=\"https:\/\/pageup-solutions.com\/sitenoticiasV7\/wp-content\/uploads\/2015\/02\/sig20150211075_11.jpg 620w, https:\/\/pageup-solutions.com\/sitenoticiasV7\/wp-content\/uploads\/2015\/02\/sig20150211075_11-300x225.jpg 300w\" sizes=\"(max-width: 620px) 100vw, 620px\" \/><\/a>Uma manifesta\u00e7\u00e3o contra a falta de \u00e1gua em S\u00e3o Paulo teve um tumulto com a Pol\u00edcia Militar no in\u00edcio da noite desta quarta-feira (11) na Avenida Paulista. Os policiais tentavam impedir que o grupo bloqueasse o sentido Consola\u00e7\u00e3o da via, mas alguns manifestantes furaram o cord\u00e3o de isolamento da PM, que reagiu. Duas pessoas foram detidas.<\/p>\n<p style=\"color: #333333;\">Cerca de 150 pessoas, segundo n\u00fameros da PM, se reuniram para o ato no v\u00e3o livre do Museu de Arte de S\u00e3o Paulo (Masp). A pol\u00edcia informou que n\u00e3o permitiria o bloqueio da Avenida Paulista porque n\u00e3o havia uma lideran\u00e7a definida do ato para discutir o trajeto com a corpora\u00e7\u00e3o. A PM montou um cord\u00e3o para evitar que os manifestantes deixassem o Masp.<\/p>\n<p style=\"color: #333333;\">Um grupo conseguiu, no entanto, passar pelo bloqueio e fechar o sentido Consola\u00e7\u00e3o. Os policiais reagiram e usaram escudos e cassetetes para empurrar os manifestantes de volta para o Masp. Um homem e uma mulher foram detidos durante a confus\u00e3o.<\/p>\n<p style=\"color: #333333;\">Cerca de 10 manifestantes conseguiram passar pela PM e fecharam o sentido Para\u00edso da Avenida Paulista, na altura da Alameda Casa Branca. Durante o bloqueio, eles deixaram um \u00f4nibus que levava um homem doente passar. Os manifestantes chegaram a discutir porque alguns queriam liberar a passagem de todos os \u00f4nibus e outros eram contra.<\/p>\n","protected":false},"excerpt":{"rendered":"<p>Uma manifesta\u00e7\u00e3o contra a falta de \u00e1gua em S\u00e3o Paulo teve um tumulto com a Pol\u00edcia Militar no in\u00edcio da noite desta quarta-feira (11) na Avenida Paulista. Os policiais tentavam impedir que o grupo bloqueasse o sentido Consola\u00e7\u00e3o da via, mas alguns manifestantes furaram o cord\u00e3o de isolamento da PM, que reagiu. Duas pessoas foram &#8230;<\/p>\n","protected":false},"author":1,"featured_media":11,"comment_status":"open","ping_status":"open","sticky":false,"template":"","format":"standard","meta":[],"categories":[2,3,8,10],"tags":[],"_links":{"self":[{"href":"https:\/\/pageup-solutions.com\/sitenoticiasV7\/wp-json\/wp\/v2\/posts\/10"}],"collection":[{"href":"https:\/\/pageup-solutions.com\/sitenoticiasV7\/wp-json\/wp\/v2\/posts"}],"about":[{"href":"https:\/\/pageup-solutions.com\/sitenoticiasV7\/wp-json\/wp\/v2\/types\/post"}],"author":[{"embeddable":true,"href":"https:\/\/pageup-solutions.com\/sitenoticiasV7\/wp-json\/wp\/v2\/users\/1"}],"replies":[{"embeddable":true,"href":"https:\/\/pageup-solutions.com\/sitenoticiasV7\/wp-json\/wp\/v2\/comments?post=10"}],"version-history":[{"count":1,"href":"https:\/\/pageup-solutions.com\/sitenoticiasV7\/wp-json\/wp\/v2\/posts\/10\/revisions"}],"predecessor-version":[{"id":270,"href":"https:\/\/pageup-solutions.com\/sitenoticiasV7\/wp-json\/wp\/v2\/posts\/10\/revisions\/270"}],"wp:featuredmedia":[{"embeddable":true,"href":"https:\/\/pageup-solutions.com\/sitenoticiasV7\/wp-json\/wp\/v2\/media\/11"}],"wp:attachment":[{"href":"https:\/\/pageup-solutions.com\/sitenoticiasV7\/wp-json\/wp\/v2\/media?parent=10"}],"wp:term":[{"taxonomy":"category","embeddable":true,"href":"https:\/\/pageup-solutions.com\/sitenoticiasV7\/wp-json\/wp\/v2\/categories?post=10"},{"taxonomy":"post_tag","embeddable":true,"href":"https:\/\/pageup-solutions.com\/sitenoticiasV7\/wp-json\/wp\/v2\/tags?post=10"}],"curies":[{"name":"wp","href":"https:\/\/api.w.org\/{rel}","templated":true}]}}