
{"id":18,"date":"2015-02-12T01:48:05","date_gmt":"2015-02-12T01:48:05","guid":{"rendered":"http:\/\/tudosites.com\/demo\/wordpress\/megaportal\/?p=18"},"modified":"2016-08-28T15:33:26","modified_gmt":"2016-08-28T15:33:26","slug":"dolar-fecha-acima-de-r-287-e-volta-a-atingir-o-maior-valor-desde-2004","status":"publish","type":"post","link":"https:\/\/pageup-solutions.com\/sitenoticiasV7\/dolar-fecha-acima-de-r-287-e-volta-a-atingir-o-maior-valor-desde-2004\/","title":{"rendered":"D\u00f3lar fecha acima de R$ 2,87 e volta a atingir o maior valor desde 2004"},"content":{"rendered":"<p style=\"color: #333333;\">O d\u00f3lar voltou a fechar em forte alta nesta quarta-feira (11).<\/p>\n<p style=\"color: #333333;\"><a href=\"http:\/\/projetos.pageup-solutions.com.br\/sitenoticiasV7\/wp-content\/uploads\/2015\/02\/dolar_home1.jpg\"><img loading=\"lazy\" class=\"size-full wp-image-19 alignleft\" src=\"http:\/\/projetos.pageup-solutions.com.br\/sitenoticiasV7\/wp-content\/uploads\/2015\/02\/dolar_home1.jpg\" alt=\"dolar_home[1]\" width=\"140\" height=\"116\" \/><\/a>A moeda norte-americana subiu 1,33% frente ao real, cotada a R$ 2,8742.\u00a0\u00a0<a style=\"font-weight: bold; color: #a80000;\" href=\"http:\/\/g1.globo.com\/economia\/mercados\/cotacoes\/moedas\/index.html\">Veja cota\u00e7\u00e3o<\/a>. Este \u00e9 o maior valor desde 25 de outubro de 2004, quando o d\u00f3lar fechou cotado a R$ 2,8817 na venda, segundo dados do Banco Central.<\/p>\n<p>Na m\u00e1xima da sess\u00e3o, a divisa alcan\u00e7ou R$ 2,8834, segundo a Reuters.<\/p>\n<p style=\"color: #333333;\">A alta foi puxada por incertezas sobre o futuro da Gr\u00e9cia na zona do euro. Por\u00e9m, no Brasil esse movimento \u00e9 acentuado por preocupa\u00e7\u00f5es sobre uma piora nos fundamentos macroecon\u00f4micosdo pa\u00eds. O mercado teme que uma economia fr\u00e1gil possa provocar um rebaixamento da d\u00edvida soberana do pa\u00eds.<\/p>\n<p style=\"color: #333333;\">&#8220;O d\u00f3lar est\u00e1 sem defesa&#8221;, disse \u00e0 Reuters o gerente de c\u00e2mbio da corretora BGC Liquidez, Francisco Carvalho. &#8220;Aqui dentro est\u00e1 uma confus\u00e3o e l\u00e1 fora n\u00e3o ajuda, ent\u00e3o o mercado puxa&#8221;.<\/p>\n<p>As compras dominam o mercado conforme investidores veem cada vez mais obst\u00e1culos aos ajustes da nova equipe econ\u00f4mica, em meio \u00e0 leitura de que a presidente Dilma Rousseff tem ficado cada vez mais isolada e com menos apoio da base aliada.<\/p>\n","protected":false},"excerpt":{"rendered":"<p>O d\u00f3lar voltou a fechar em forte alta nesta quarta-feira (11). A moeda norte-americana subiu 1,33% frente ao real, cotada a R$ 2,8742.\u00a0\u00a0Veja cota\u00e7\u00e3o. Este \u00e9 o maior valor desde 25 de outubro de 2004, quando o d\u00f3lar fechou cotado a R$ 2,8817 na venda, segundo dados do Banco Central. Na m\u00e1xima da sess\u00e3o, a &#8230;<\/p>\n","protected":false},"author":1,"featured_media":19,"comment_status":"open","ping_status":"open","sticky":false,"template":"","format":"standard","meta":[],"categories":[2,3,8,9,10],"tags":[],"_links":{"self":[{"href":"https:\/\/pageup-solutions.com\/sitenoticiasV7\/wp-json\/wp\/v2\/posts\/18"}],"collection":[{"href":"https:\/\/pageup-solutions.com\/sitenoticiasV7\/wp-json\/wp\/v2\/posts"}],"about":[{"href":"https:\/\/pageup-solutions.com\/sitenoticiasV7\/wp-json\/wp\/v2\/types\/post"}],"author":[{"embeddable":true,"href":"https:\/\/pageup-solutions.com\/sitenoticiasV7\/wp-json\/wp\/v2\/users\/1"}],"replies":[{"embeddable":true,"href":"https:\/\/pageup-solutions.com\/sitenoticiasV7\/wp-json\/wp\/v2\/comments?post=18"}],"version-history":[{"count":1,"href":"https:\/\/pageup-solutions.com\/sitenoticiasV7\/wp-json\/wp\/v2\/posts\/18\/revisions"}],"predecessor-version":[{"id":268,"href":"https:\/\/pageup-solutions.com\/sitenoticiasV7\/wp-json\/wp\/v2\/posts\/18\/revisions\/268"}],"wp:featuredmedia":[{"embeddable":true,"href":"https:\/\/pageup-solutions.com\/sitenoticiasV7\/wp-json\/wp\/v2\/media\/19"}],"wp:attachment":[{"href":"https:\/\/pageup-solutions.com\/sitenoticiasV7\/wp-json\/wp\/v2\/media?parent=18"}],"wp:term":[{"taxonomy":"category","embeddable":true,"href":"https:\/\/pageup-solutions.com\/sitenoticiasV7\/wp-json\/wp\/v2\/categories?post=18"},{"taxonomy":"post_tag","embeddable":true,"href":"https:\/\/pageup-solutions.com\/sitenoticiasV7\/wp-json\/wp\/v2\/tags?post=18"}],"curies":[{"name":"wp","href":"https:\/\/api.w.org\/{rel}","templated":true}]}}