
{"id":21,"date":"2015-02-12T01:50:07","date_gmt":"2015-02-12T01:50:07","guid":{"rendered":"http:\/\/tudosites.com\/demo\/wordpress\/megaportal\/?p=21"},"modified":"2016-08-28T15:33:06","modified_gmt":"2016-08-28T15:33:06","slug":"centenas-doam-leite-materno-em-mt-apos-morte-de-mae-de-quadrigemeos","status":"publish","type":"post","link":"https:\/\/pageup-solutions.com\/sitenoticiasV7\/centenas-doam-leite-materno-em-mt-apos-morte-de-mae-de-quadrigemeos\/","title":{"rendered":"Centenas doam leite materno em MT ap\u00f3s morte de m\u00e3e de quadrig\u00eameos"},"content":{"rendered":"<p style=\"color: #333333;\"><a href=\"http:\/\/projetos.pageup-solutions.com.br\/sitenoticiasV7\/wp-content\/uploads\/2015\/02\/quadrigemeos1.jpg\"><img loading=\"lazy\" class=\"size-full wp-image-22 alignleft\" src=\"http:\/\/projetos.pageup-solutions.com.br\/sitenoticiasV7\/wp-content\/uploads\/2015\/02\/quadrigemeos1.jpg\" alt=\"quadrigemeos[1]\" width=\"300\" height=\"400\" srcset=\"https:\/\/pageup-solutions.com\/sitenoticiasV7\/wp-content\/uploads\/2015\/02\/quadrigemeos1.jpg 300w, https:\/\/pageup-solutions.com\/sitenoticiasV7\/wp-content\/uploads\/2015\/02\/quadrigemeos1-225x300.jpg 225w\" sizes=\"(max-width: 300px) 100vw, 300px\" \/><\/a>A morte de uma mulher de 38 anos ap\u00f3s dar \u00e0 luz quadrig\u00eameos mobilizou centenas de mulheres numa campanha de doa\u00e7\u00e3o de leite materno em Mato Grosso. Benjamim, Samuel, Isaque e Ester nasceram prematuros e est\u00e3o internados na UTI (Unidade de Terapia Intensiva) neonatal de um hospital e maternidade particular da capital do estado. Sandro Mota, pai dos beb\u00eas, diz que os filhos est\u00e3o em incubadoras, mas que n\u00e3o precisam da ajuda de aparelhos para respirar.<\/p>\n<p style=\"color: #333333;\">&#8220;Eles precisam somente ganhar peso. S\u00f3 na ter\u00e7a [10], mais de 300 m\u00e3es compareceram para fazer doa\u00e7\u00e3o de leite no hospital. \u00c9 uma necessidade que nesse momento est\u00e1 suprida. Estamos at\u00e9 doando uma parte desse leite para outros beb\u00eas que tamb\u00e9m est\u00e3o precisando em outros hospitais&#8221;, disse Mota ao\u00a0<strong>G1<\/strong>.<\/p>\n","protected":false},"excerpt":{"rendered":"<p>A morte de uma mulher de 38 anos ap\u00f3s dar \u00e0 luz quadrig\u00eameos mobilizou centenas de mulheres numa campanha de doa\u00e7\u00e3o de leite materno em Mato Grosso. Benjamim, Samuel, Isaque e Ester nasceram prematuros e est\u00e3o internados na UTI (Unidade de Terapia Intensiva) neonatal de um hospital e maternidade particular da capital do estado. Sandro &#8230;<\/p>\n","protected":false},"author":1,"featured_media":22,"comment_status":"open","ping_status":"open","sticky":false,"template":"","format":"standard","meta":[],"categories":[2,8,10],"tags":[],"_links":{"self":[{"href":"https:\/\/pageup-solutions.com\/sitenoticiasV7\/wp-json\/wp\/v2\/posts\/21"}],"collection":[{"href":"https:\/\/pageup-solutions.com\/sitenoticiasV7\/wp-json\/wp\/v2\/posts"}],"about":[{"href":"https:\/\/pageup-solutions.com\/sitenoticiasV7\/wp-json\/wp\/v2\/types\/post"}],"author":[{"embeddable":true,"href":"https:\/\/pageup-solutions.com\/sitenoticiasV7\/wp-json\/wp\/v2\/users\/1"}],"replies":[{"embeddable":true,"href":"https:\/\/pageup-solutions.com\/sitenoticiasV7\/wp-json\/wp\/v2\/comments?post=21"}],"version-history":[{"count":1,"href":"https:\/\/pageup-solutions.com\/sitenoticiasV7\/wp-json\/wp\/v2\/posts\/21\/revisions"}],"predecessor-version":[{"id":267,"href":"https:\/\/pageup-solutions.com\/sitenoticiasV7\/wp-json\/wp\/v2\/posts\/21\/revisions\/267"}],"wp:featuredmedia":[{"embeddable":true,"href":"https:\/\/pageup-solutions.com\/sitenoticiasV7\/wp-json\/wp\/v2\/media\/22"}],"wp:attachment":[{"href":"https:\/\/pageup-solutions.com\/sitenoticiasV7\/wp-json\/wp\/v2\/media?parent=21"}],"wp:term":[{"taxonomy":"category","embeddable":true,"href":"https:\/\/pageup-solutions.com\/sitenoticiasV7\/wp-json\/wp\/v2\/categories?post=21"},{"taxonomy":"post_tag","embeddable":true,"href":"https:\/\/pageup-solutions.com\/sitenoticiasV7\/wp-json\/wp\/v2\/tags?post=21"}],"curies":[{"name":"wp","href":"https:\/\/api.w.org\/{rel}","templated":true}]}}