
{"id":243,"date":"2015-02-24T00:50:13","date_gmt":"2015-02-24T00:50:13","guid":{"rendered":"http:\/\/tudosites.com\/demo\/wordpress\/portal2015\/?p=224"},"modified":"2015-02-24T00:50:13","modified_gmt":"2015-02-24T00:50:13","slug":"dudu-nobre-vai-ser-papai-novamente-mais-uma-princesa","status":"publish","type":"post","link":"https:\/\/pageup-solutions.com\/sitenoticiasV7\/dudu-nobre-vai-ser-papai-novamente-mais-uma-princesa\/","title":{"rendered":"Dudu Nobre vai ser papai novamente: &#8216;Mais uma princesa&#8217;"},"content":{"rendered":"<p>E a <span id=\"span-autolink-id-http:\/\/semantica.globo.com\/ego\/AssuntoEgo_Familia\" class=\"semantica-autolink-topico-tip\">fam\u00edlia<\/span> Nobre vai aumentar. Depois de Ol\u00edvia,Talita e Jo\u00e3o Eduardo, vem a\u00ed mais uma menininha. \u00c9 que <span id=\"span-autolink-id-http:\/\/semantica.globo.com\/ego\/3ed94d88-fb1d-4840-978c-8c5d4e38d10a\" class=\"semantica-autolink-topico-tip\">Dudu Nobre<\/span> e sua mulher, Priscila, est\u00e3o gr\u00e1vidos. A novidade foi contada pelo pr\u00f3prio cantor em seu perfil do Instagram nesta segunda-feira, 23.<br \/>\n<a href=\"http:\/\/projetos.pageup-solutions.com.br\/sitenoticiasV7\/wp-content\/uploads\/2015\/02\/10623758_619359354843937_926008591_n1.jpg\"><img loading=\"lazy\" class=\"alignright size-full wp-image-225\" src=\"http:\/\/projetos.pageup-solutions.com.br\/sitenoticiasV7\/wp-content\/uploads\/2015\/02\/10623758_619359354843937_926008591_n1.jpg\" alt=\"10623758_619359354843937_926008591_n[1]\" width=\"320\" height=\"320\" \/><\/a><br \/>\n&#8220;Que Deus continue me dando sa\u00fade e muito trabalho para criar meus filhos. A prole vai aumentar, serei pai novamente, mais uma princesa. Obrigado, minha esposa maravilhosa, Priscila Nobre, por mais essa alegria&#8221;, postou ele na legenda da foto em que aparece um sapatinho de beb\u00ea cor-de-rosa.<\/p>\n<p>Ao EGO, o cantor contou que a mulher est\u00e1 com tr\u00eas meses de gesta\u00e7\u00e3o, que a mesma foi descoberta h\u00e1 um m\u00eas, mas que ele n\u00e3o sofreu para guardar o &#8220;segredo&#8221;.<\/p>\n<p>&#8220;Queria contar s\u00f3 quando fizesse tr\u00eas meses, mas foi tranquilo. Pensei que fosse ser pior&#8221;, disse ele. Ele tamb\u00e9m contou que a mulher n\u00e3o est\u00e1 enjoando, mas que j\u00e1 est\u00e1 \u00e0s voltas com as mexidas da herdeira na barriga. &#8220;Gra\u00e7as a Deus, ela est\u00e1 superbem. Mas menina pula muito&#8221;, contou, aos risos.<\/p>\n<p>Ol\u00edvia, de 13 anos, e Talita, 12, s\u00e3o frutos do casamento do cantor com Adriana Bombom. J\u00e1 Jo\u00e3o Eduardo, 3, \u00e9 o primeiro filho do cantor com Priscila.<\/p>\n","protected":false},"excerpt":{"rendered":"<p>E a fam\u00edlia Nobre vai aumentar. Depois de Ol\u00edvia,Talita e Jo\u00e3o Eduardo, vem a\u00ed mais uma menininha. \u00c9 que Dudu Nobre e sua mulher, Priscila, est\u00e3o gr\u00e1vidos. A novidade foi contada pelo pr\u00f3prio cantor em seu perfil do Instagram nesta segunda-feira, 23. &#8220;Que Deus continue me dando sa\u00fade e muito trabalho para criar meus filhos. &#8230;<\/p>\n","protected":false},"author":1,"featured_media":226,"comment_status":"open","ping_status":"open","sticky":false,"template":"","format":"standard","meta":[],"categories":[5],"tags":[],"_links":{"self":[{"href":"https:\/\/pageup-solutions.com\/sitenoticiasV7\/wp-json\/wp\/v2\/posts\/243"}],"collection":[{"href":"https:\/\/pageup-solutions.com\/sitenoticiasV7\/wp-json\/wp\/v2\/posts"}],"about":[{"href":"https:\/\/pageup-solutions.com\/sitenoticiasV7\/wp-json\/wp\/v2\/types\/post"}],"author":[{"embeddable":true,"href":"https:\/\/pageup-solutions.com\/sitenoticiasV7\/wp-json\/wp\/v2\/users\/1"}],"replies":[{"embeddable":true,"href":"https:\/\/pageup-solutions.com\/sitenoticiasV7\/wp-json\/wp\/v2\/comments?post=243"}],"version-history":[{"count":0,"href":"https:\/\/pageup-solutions.com\/sitenoticiasV7\/wp-json\/wp\/v2\/posts\/243\/revisions"}],"wp:featuredmedia":[{"embeddable":true,"href":"https:\/\/pageup-solutions.com\/sitenoticiasV7\/wp-json\/wp\/v2\/media\/226"}],"wp:attachment":[{"href":"https:\/\/pageup-solutions.com\/sitenoticiasV7\/wp-json\/wp\/v2\/media?parent=243"}],"wp:term":[{"taxonomy":"category","embeddable":true,"href":"https:\/\/pageup-solutions.com\/sitenoticiasV7\/wp-json\/wp\/v2\/categories?post=243"},{"taxonomy":"post_tag","embeddable":true,"href":"https:\/\/pageup-solutions.com\/sitenoticiasV7\/wp-json\/wp\/v2\/tags?post=243"}],"curies":[{"name":"wp","href":"https:\/\/api.w.org\/{rel}","templated":true}]}}