
{"id":25,"date":"2015-02-12T01:52:23","date_gmt":"2015-02-12T01:52:23","guid":{"rendered":"http:\/\/tudosites.com\/demo\/wordpress\/megaportal\/?p=25"},"modified":"2015-02-12T01:52:23","modified_gmt":"2015-02-12T01:52:23","slug":"cidade-esta-em-choque-diz-irmao-de-primeira-dama-assassinada-no-piaui","status":"publish","type":"post","link":"https:\/\/pageup-solutions.com\/sitenoticiasV7\/cidade-esta-em-choque-diz-irmao-de-primeira-dama-assassinada-no-piaui\/","title":{"rendered":"&#8216;Cidade est\u00e1 em choque&#8217;, diz irm\u00e3o de primeira-dama assassinada no Piau\u00ed"},"content":{"rendered":"<p><span style=\"color: #333333;\"><a href=\"http:\/\/projetos.pageup-solutions.com.br\/sitenoticiasV7\/wp-content\/uploads\/2015\/02\/casal1.jpg\"><img loading=\"lazy\" class=\"size-full wp-image-26 alignleft\" src=\"http:\/\/projetos.pageup-solutions.com.br\/sitenoticiasV7\/wp-content\/uploads\/2015\/02\/casal1.jpg\" alt=\"casal[1]\" width=\"140\" height=\"116\" \/><\/a>O sentimento da maioria dos pouco mais de cinco mil moradores da cidade de\u00a0<\/span><a class=\"premium-tip\" style=\"font-weight: bold; color: #a80000;\" href=\"http:\/\/g1.globo.com\/pi\/piaui\/cidade\/lagoa-do-sitio.html\">Lagoa do S\u00edtio<\/a><span style=\"color: #333333;\">, localizada a 240 km de Teresina, \u00e9 de choque e consterna\u00e7\u00e3o. Nesta quarta-feira (11), familiares, amigos e conhecidos choraram a perda da primeira-dama da cidade, Gercineide Monteiro, de 34 anos, e disseram ainda n\u00e3o acreditar em como se deu a morte e sobre o envolvimento, no crime, do prefeito da cidade, Jos\u00e9 de Arimat\u00e9ia, apontado pela pol\u00edcia como autor do disparo fatal.<\/span><\/p>\n<p><a style=\"font-weight: bold; color: #a80000;\" href=\"http:\/\/g1.globo.com\/pi\/piaui\/noticia\/2015\/02\/prefeito-e-preso-suspeito-de-matar-propria-mulher-no-interior-do-piaui.html\">Gercineide foi morta nessa ter\u00e7a-feira (10) enquanto dormia em sua casa<\/a><span style=\"color: #333333;\">. No in\u00edcio das investiga\u00e7\u00f5es, a pol\u00edcia acreditava em morte natural porque n\u00e3o havia vest\u00edgios de sangue, mas exames realizados pelo Instituto M\u00e9dico Legal (IML) em Teresina apontaram que a v\u00edtima fora assassinada com um tiro no ouvido.<\/span><a style=\"font-weight: bold; color: #a80000;\" href=\"http:\/\/g1.globo.com\/pi\/piaui\/noticia\/2015\/02\/policia-comprova-que-prefeito-do-piaui-matou-mulher-por-ciumes.html\">\u00a0O principal suspeito de ter efetuado o disparo \u00e9 o marido da v\u00edtima, Jos\u00e9 de Arimat\u00e9ia, que nega o crime<\/a><span style=\"color: #333333;\">.<\/span><\/p>\n<p style=\"color: #333333;\">Presente ao vel\u00f3rio que foi realizado na C\u00e2mara dos Vereadores e na Igreja principal de Lagoa do S\u00edtio, Jos\u00e9 Nilton de Sousa Filho, irm\u00e3o de Gercineide, disse que a cidade estava em choque com o crime. \u201cO prefeito era como um irm\u00e3o para mim, eu nunca imaginei que isso pudesse acontecer. Eles se davam muito bem, era um \u00f3timo pai. Eu sempre viajava com eles. A cidade est\u00e1 em choque\u201d, afirmou.<\/p>\n<p>O filho mais velho da v\u00edtima, um garoto de 12 anos, acompanhou o vel\u00f3rio na C\u00e2mara e chorou muito, sendo amparado pelos familiares. O filho mais novo, um menino de 6 anos, est\u00e1 com a av\u00f3 materna desde o acontecimento do crime e n\u00e3o foi levado ao vel\u00f3rio.<\/p>\n<p style=\"color: #333333;\">Na casa legislativa, os parlamentares fizeram discursos em homenagem \u00e0 Gercineide, que j\u00e1 foi vereadora da cidade. \u201c\u00c9 um sentimento de tristeza e toda a cidade est\u00e1 abalada com a situa\u00e7\u00e3o. Foi uma enorme surpresa a morte dela dessa forma, pois nunca presenciei uma briga entre ela e o marido. Ele era muito apaixonado por ela\u201d, disse Itamar Reis, presidente da c\u00e2mara.<\/p>\n<p>Ap\u00f3s o primeiro momento no parlamento municipal, o caix\u00e3o com o corpo da primeira-dama foi levado em cortejo para a igreja principal de Lagoa do S\u00edtio. O trajeto foi acompanhado por centenas de pessoas, que lamentavam a morte prematura\u00a0 de Gercineide.<\/p>\n","protected":false},"excerpt":{"rendered":"<p>O sentimento da maioria dos pouco mais de cinco mil moradores da cidade de\u00a0Lagoa do S\u00edtio, localizada a 240 km de Teresina, \u00e9 de choque e consterna\u00e7\u00e3o. Nesta quarta-feira (11), familiares, amigos e conhecidos choraram a perda da primeira-dama da cidade, Gercineide Monteiro, de 34 anos, e disseram ainda n\u00e3o acreditar em como se deu &#8230;<\/p>\n","protected":false},"author":1,"featured_media":26,"comment_status":"open","ping_status":"open","sticky":false,"template":"","format":"standard","meta":[],"categories":[10],"tags":[],"_links":{"self":[{"href":"https:\/\/pageup-solutions.com\/sitenoticiasV7\/wp-json\/wp\/v2\/posts\/25"}],"collection":[{"href":"https:\/\/pageup-solutions.com\/sitenoticiasV7\/wp-json\/wp\/v2\/posts"}],"about":[{"href":"https:\/\/pageup-solutions.com\/sitenoticiasV7\/wp-json\/wp\/v2\/types\/post"}],"author":[{"embeddable":true,"href":"https:\/\/pageup-solutions.com\/sitenoticiasV7\/wp-json\/wp\/v2\/users\/1"}],"replies":[{"embeddable":true,"href":"https:\/\/pageup-solutions.com\/sitenoticiasV7\/wp-json\/wp\/v2\/comments?post=25"}],"version-history":[{"count":0,"href":"https:\/\/pageup-solutions.com\/sitenoticiasV7\/wp-json\/wp\/v2\/posts\/25\/revisions"}],"wp:featuredmedia":[{"embeddable":true,"href":"https:\/\/pageup-solutions.com\/sitenoticiasV7\/wp-json\/wp\/v2\/media\/26"}],"wp:attachment":[{"href":"https:\/\/pageup-solutions.com\/sitenoticiasV7\/wp-json\/wp\/v2\/media?parent=25"}],"wp:term":[{"taxonomy":"category","embeddable":true,"href":"https:\/\/pageup-solutions.com\/sitenoticiasV7\/wp-json\/wp\/v2\/categories?post=25"},{"taxonomy":"post_tag","embeddable":true,"href":"https:\/\/pageup-solutions.com\/sitenoticiasV7\/wp-json\/wp\/v2\/tags?post=25"}],"curies":[{"name":"wp","href":"https:\/\/api.w.org\/{rel}","templated":true}]}}