
{"id":31,"date":"2015-02-13T15:39:26","date_gmt":"2015-02-13T15:39:26","guid":{"rendered":"http:\/\/tudosites.com\/demo\/wordpress\/megaportal\/?p=31"},"modified":"2015-02-13T15:39:26","modified_gmt":"2015-02-13T15:39:26","slug":"estreias-abrem-a-festa-e-marcam-primeiro-dia-do-carnaval-de-salvador-em-2015","status":"publish","type":"post","link":"https:\/\/pageup-solutions.com\/sitenoticiasV7\/estreias-abrem-a-festa-e-marcam-primeiro-dia-do-carnaval-de-salvador-em-2015\/","title":{"rendered":"Estreias abrem a festa e marcam primeiro dia do carnaval de Salvador em 2015"},"content":{"rendered":"<p><a href=\"http:\/\/projetos.pageup-solutions.com.br\/sitenoticiasV7\/wp-content\/uploads\/2015\/02\/thumb-r-940x-0x0estreias-abrem-a-festa-e-marcam-primeiro-dia-do-carnaval-de-salvador-em-2015-ea2317f6-b1ca-4820-8868-c488ed9705761.jpg\"><img loading=\"lazy\" class=\"  wp-image-32 alignleft\" src=\"http:\/\/projetos.pageup-solutions.com.br\/sitenoticiasV7\/wp-content\/uploads\/2015\/02\/thumb-r-940x-0x0estreias-abrem-a-festa-e-marcam-primeiro-dia-do-carnaval-de-salvador-em-2015-ea2317f6-b1ca-4820-8868-c488ed9705761.jpg\" alt=\"thumb-r-940x-0x0estreias-abrem-a-festa-e-marcam-primeiro-dia-do-carnaval-de-salvador-em-2015-ea2317f6-b1ca-4820-8868-c488ed970576[1]\" width=\"424\" height=\"318\" srcset=\"https:\/\/pageup-solutions.com\/sitenoticiasV7\/wp-content\/uploads\/2015\/02\/thumb-r-940x-0x0estreias-abrem-a-festa-e-marcam-primeiro-dia-do-carnaval-de-salvador-em-2015-ea2317f6-b1ca-4820-8868-c488ed9705761.jpg 940w, https:\/\/pageup-solutions.com\/sitenoticiasV7\/wp-content\/uploads\/2015\/02\/thumb-r-940x-0x0estreias-abrem-a-festa-e-marcam-primeiro-dia-do-carnaval-de-salvador-em-2015-ea2317f6-b1ca-4820-8868-c488ed9705761-300x225.jpg 300w, https:\/\/pageup-solutions.com\/sitenoticiasV7\/wp-content\/uploads\/2015\/02\/thumb-r-940x-0x0estreias-abrem-a-festa-e-marcam-primeiro-dia-do-carnaval-de-salvador-em-2015-ea2317f6-b1ca-4820-8868-c488ed9705761-768x576.jpg 768w\" sizes=\"(max-width: 424px) 100vw, 424px\" \/><\/a>O carnaval 2015 em Salvador contou com v\u00e1rias estreias em cima dos trios el\u00e9tricos. No circuito Barra Ondina, Anitta se vestiu de rainha eg\u00edpcia e colocou os f\u00e3s para dan\u00e7ar, ao comandar pela primeira vez um bloco. L\u00e9o Santana encarou seu primeiro carnaval em carreira solo depois da sa\u00edda do Parangol\u00e9, onde coincidentemente Tony Salles fez sua estreia carnavalesca pelo grupo, com direito a beij\u00e3o da mulher , Scheila Carvalho.<\/p>\n<p>No trio de Anitta, Tiago Abravanel contou que est\u00e1 emagrecendo e j\u00e1 perdeu 10 Kg. Por l\u00e1 tamb\u00e9m passaram Xanddy e Carla Perez, mas quem chamou a aten\u00e7\u00e3o foram os filhos Camilly Vict\u00f3ria, que aos 13 anos cresceu bastante , e Victor Alexandre, de 10, que pintou o cabelo de roxo.<\/p>\n<p>Xand e Solange Almeida, do grupo Avi\u00f5es do Forr\u00f3, eram s\u00f3 alegria: &#8220;Enquanto o povo quiser, a gente vai estar aqui&#8221;, prometeu a cantora.<\/p>\n<p>Ainda nos trios, Mari Antunes, vocalista do grupo Babado Novo, cantou vestida de noiva. Nos camarotes, Lucas Lucco chamou a aten\u00e7\u00e3o com uma cueca de bolinhas e tamb\u00e9m contou que est\u00e1 mais magro.<\/p>\n<p>Tr\u00eas gatas passaram pelo camarote Skol: Giovanna Ewbank contou como fica com a barriga sarada, Thaila Ayala n\u00e3o deixou de curtir a folia mesmo com o p\u00e9 torcido e Fernanda Paes Leme fez mist\u00e9rio sobre o atual namorado.<\/p>\n<p>Falando em namoro, v\u00e1rios casais deram pinta no camarote Schin. Ant\u00f4nia Fontenelle e Jonathan Costa disseram que o romance &#8220;est\u00e1 a 2000%&#8221;, Carol Nakamura garantiu que no atual relacionamento com Raphael Lacchine n\u00e3o h\u00e1 espa\u00e7o para ci\u00fames\u00a0 e Marcello Melo Jr n\u00e3o ligou para os fot\u00f3grafos na hora de beijar a amada.<\/p>\n","protected":false},"excerpt":{"rendered":"<p>O carnaval 2015 em Salvador contou com v\u00e1rias estreias em cima dos trios el\u00e9tricos. No circuito Barra Ondina, Anitta se vestiu de rainha eg\u00edpcia e colocou os f\u00e3s para dan\u00e7ar, ao comandar pela primeira vez um bloco. L\u00e9o Santana encarou seu primeiro carnaval em carreira solo depois da sa\u00edda do Parangol\u00e9, onde coincidentemente Tony Salles &#8230;<\/p>\n","protected":false},"author":1,"featured_media":32,"comment_status":"open","ping_status":"open","sticky":false,"template":"","format":"standard","meta":[],"categories":[2,5],"tags":[],"_links":{"self":[{"href":"https:\/\/pageup-solutions.com\/sitenoticiasV7\/wp-json\/wp\/v2\/posts\/31"}],"collection":[{"href":"https:\/\/pageup-solutions.com\/sitenoticiasV7\/wp-json\/wp\/v2\/posts"}],"about":[{"href":"https:\/\/pageup-solutions.com\/sitenoticiasV7\/wp-json\/wp\/v2\/types\/post"}],"author":[{"embeddable":true,"href":"https:\/\/pageup-solutions.com\/sitenoticiasV7\/wp-json\/wp\/v2\/users\/1"}],"replies":[{"embeddable":true,"href":"https:\/\/pageup-solutions.com\/sitenoticiasV7\/wp-json\/wp\/v2\/comments?post=31"}],"version-history":[{"count":0,"href":"https:\/\/pageup-solutions.com\/sitenoticiasV7\/wp-json\/wp\/v2\/posts\/31\/revisions"}],"wp:featuredmedia":[{"embeddable":true,"href":"https:\/\/pageup-solutions.com\/sitenoticiasV7\/wp-json\/wp\/v2\/media\/32"}],"wp:attachment":[{"href":"https:\/\/pageup-solutions.com\/sitenoticiasV7\/wp-json\/wp\/v2\/media?parent=31"}],"wp:term":[{"taxonomy":"category","embeddable":true,"href":"https:\/\/pageup-solutions.com\/sitenoticiasV7\/wp-json\/wp\/v2\/categories?post=31"},{"taxonomy":"post_tag","embeddable":true,"href":"https:\/\/pageup-solutions.com\/sitenoticiasV7\/wp-json\/wp\/v2\/tags?post=31"}],"curies":[{"name":"wp","href":"https:\/\/api.w.org\/{rel}","templated":true}]}}