
{"id":51,"date":"2015-02-13T22:28:59","date_gmt":"2015-02-13T22:28:59","guid":{"rendered":"http:\/\/tudosites.com\/demo\/wordpress\/megaportal\/?p=51"},"modified":"2016-08-28T15:31:10","modified_gmt":"2016-08-28T15:31:10","slug":"barack-obama-e-flagrado-tirando-foto-com-o-pau-de-selfie","status":"publish","type":"post","link":"https:\/\/pageup-solutions.com\/sitenoticiasV7\/barack-obama-e-flagrado-tirando-foto-com-o-pau-de-selfie\/","title":{"rendered":"Barack Obama \u00e9 flagrado tirando foto com o &#8216;pau de selfie&#8217;"},"content":{"rendered":"<p>Barack Obama se rendeu ao pau de selfie. Durante uma entrevista ao site BuzzFeed, o presidente americano aceitou fazer um v\u00eddeo bem-humorado mostrando como age quando ningu\u00e9m est\u00e1 olhando. E uma das imagens mais divulgadas foi o presidente buscando seu melhor \u00e2ngulo.<\/p>\n<p><a href=\"http:\/\/projetos.pageup-solutions.com.br\/sitenoticiasV7\/wp-content\/uploads\/2015\/02\/315d95bb-77cf-439f-8306-7e71d83cc990.jpg\"><img loading=\"lazy\" class=\"alignnone size-full wp-image-52\" src=\"http:\/\/projetos.pageup-solutions.com.br\/sitenoticiasV7\/wp-content\/uploads\/2015\/02\/315d95bb-77cf-439f-8306-7e71d83cc990.jpg\" alt=\"315d95bb-77cf-439f-8306-7e71d83cc990\" width=\"699\" height=\"420\" srcset=\"https:\/\/pageup-solutions.com\/sitenoticiasV7\/wp-content\/uploads\/2015\/02\/315d95bb-77cf-439f-8306-7e71d83cc990.jpg 699w, https:\/\/pageup-solutions.com\/sitenoticiasV7\/wp-content\/uploads\/2015\/02\/315d95bb-77cf-439f-8306-7e71d83cc990-300x180.jpg 300w\" sizes=\"(max-width: 699px) 100vw, 699px\" \/><\/a><\/p>\n<p>Mas Obama mostra que sabe como aproveitar uma oportunidade. Entre arremessos a uma cesta de basquete imagin\u00e1ria, mergulhar o biscoito no leite e caretas, ele treina diante do espelho como explicar aos americanos a se cadastrarem no portal para terem acesso \u00e0 cobertura de sa\u00fade do governo \u2014 um dos pilares de sua campanha.<\/p>\n<p>Nem todo mundo levou na esportiva. No blog The Fix, no \u201cWashington Post\u201d, o jornalista Philip Bump fez um ranking das imagens no v\u00eddeo \u201cque mais reduzem\u201d a import\u00e2ncia de Obama na Presid\u00eancia. O pau de selfie ficou em s\u00e9timo; em segundo, a careta diante do espelho; e em primeiro, o pr\u00f3prio espelho, que estava bem sujo.<\/p>\n","protected":false},"excerpt":{"rendered":"<p>Barack Obama se rendeu ao pau de selfie. Durante uma entrevista ao site BuzzFeed, o presidente americano aceitou fazer um v\u00eddeo bem-humorado mostrando como age quando ningu\u00e9m est\u00e1 olhando. E uma das imagens mais divulgadas foi o presidente buscando seu melhor \u00e2ngulo. Mas Obama mostra que sabe como aproveitar uma oportunidade. Entre arremessos a uma &#8230;<\/p>\n","protected":false},"author":1,"featured_media":52,"comment_status":"open","ping_status":"open","sticky":false,"template":"","format":"standard","meta":[],"categories":[9,10,15],"tags":[],"_links":{"self":[{"href":"https:\/\/pageup-solutions.com\/sitenoticiasV7\/wp-json\/wp\/v2\/posts\/51"}],"collection":[{"href":"https:\/\/pageup-solutions.com\/sitenoticiasV7\/wp-json\/wp\/v2\/posts"}],"about":[{"href":"https:\/\/pageup-solutions.com\/sitenoticiasV7\/wp-json\/wp\/v2\/types\/post"}],"author":[{"embeddable":true,"href":"https:\/\/pageup-solutions.com\/sitenoticiasV7\/wp-json\/wp\/v2\/users\/1"}],"replies":[{"embeddable":true,"href":"https:\/\/pageup-solutions.com\/sitenoticiasV7\/wp-json\/wp\/v2\/comments?post=51"}],"version-history":[{"count":1,"href":"https:\/\/pageup-solutions.com\/sitenoticiasV7\/wp-json\/wp\/v2\/posts\/51\/revisions"}],"predecessor-version":[{"id":263,"href":"https:\/\/pageup-solutions.com\/sitenoticiasV7\/wp-json\/wp\/v2\/posts\/51\/revisions\/263"}],"wp:featuredmedia":[{"embeddable":true,"href":"https:\/\/pageup-solutions.com\/sitenoticiasV7\/wp-json\/wp\/v2\/media\/52"}],"wp:attachment":[{"href":"https:\/\/pageup-solutions.com\/sitenoticiasV7\/wp-json\/wp\/v2\/media?parent=51"}],"wp:term":[{"taxonomy":"category","embeddable":true,"href":"https:\/\/pageup-solutions.com\/sitenoticiasV7\/wp-json\/wp\/v2\/categories?post=51"},{"taxonomy":"post_tag","embeddable":true,"href":"https:\/\/pageup-solutions.com\/sitenoticiasV7\/wp-json\/wp\/v2\/tags?post=51"}],"curies":[{"name":"wp","href":"https:\/\/api.w.org\/{rel}","templated":true}]}}