
{"id":54,"date":"2015-02-13T22:32:35","date_gmt":"2015-02-13T22:32:35","guid":{"rendered":"http:\/\/tudosites.com\/demo\/wordpress\/megaportal\/?p=54"},"modified":"2022-08-24T13:30:58","modified_gmt":"2022-08-24T13:30:58","slug":"criador-da-internet-teme-a-perda-de-todas-as-nossas-memorias-digitais-no-futuro","status":"publish","type":"post","link":"https:\/\/pageup-solutions.com\/sitenoticiasV7\/criador-da-internet-teme-a-perda-de-todas-as-nossas-memorias-digitais-no-futuro\/","title":{"rendered":"Criador da internet teme a perda de todas as nossas mem\u00f3rias digitais no futuro"},"content":{"rendered":"<p>Todos os documentos e imagens que temos guardados em nossos computadores podem se perder com o tempo. Esta, no momento, \u00e9 a maior preocupa\u00e7\u00e3o de Vint Cerf, um dos pais da internet e atualmente vice-presidente do Google. Em entrevista \u00e0 BBC, o \u00edcone da grande rede acha que esse problema pode acontecer na medida que hardwares e softwares, atuais e j\u00e1 ultrapassados, tornem-se obsoletos.<\/p>\n<p>Cerf teme que as pr\u00f3ximas gera\u00e7\u00f5es disponham de pouco ou nenhum registro do s\u00e9culo 21 enquanto a humanidade adentra o que ele chama de &#8220;idade negra&#8221; do mundo digital. Segundo sua teoria, nossas fotos de fam\u00edlia e documentos importantes de trabalho, salvos em arquivos digitais na nuvem ou em HD, correm risco de extin\u00e7\u00e3o porque, com o constante avan\u00e7o da tecnologia, podem se tornar &#8220;invis\u00edveis&#8221;.<\/p>\n<p>&#8220;Eu me preocupo muito com isso&#8221;, disse o veterano \u00e0 BBC. &#8220;Velhos formatos de documentos que criamos ou apresenta\u00e7\u00f5es podem n\u00e3o ser lidas por novas vers\u00f5es de software porque a compatibilidade retroativa nem sempre est\u00e1 garantida&#8221;.<\/p>\n","protected":false},"excerpt":{"rendered":"<p>Todos os documentos e imagens que temos guardados em nossos computadores podem se perder com o tempo. Esta, no momento, \u00e9 a maior preocupa\u00e7\u00e3o de Vint Cerf, um dos pais da internet e atualmente vice-presidente do Google. Em entrevista \u00e0 BBC, o \u00edcone da grande rede acha que esse problema pode acontecer na medida que &#8230;<\/p>\n","protected":false},"author":1,"featured_media":55,"comment_status":"open","ping_status":"open","sticky":false,"template":"","format":"standard","meta":[],"categories":[2,9,15],"tags":[],"_links":{"self":[{"href":"https:\/\/pageup-solutions.com\/sitenoticiasV7\/wp-json\/wp\/v2\/posts\/54"}],"collection":[{"href":"https:\/\/pageup-solutions.com\/sitenoticiasV7\/wp-json\/wp\/v2\/posts"}],"about":[{"href":"https:\/\/pageup-solutions.com\/sitenoticiasV7\/wp-json\/wp\/v2\/types\/post"}],"author":[{"embeddable":true,"href":"https:\/\/pageup-solutions.com\/sitenoticiasV7\/wp-json\/wp\/v2\/users\/1"}],"replies":[{"embeddable":true,"href":"https:\/\/pageup-solutions.com\/sitenoticiasV7\/wp-json\/wp\/v2\/comments?post=54"}],"version-history":[{"count":2,"href":"https:\/\/pageup-solutions.com\/sitenoticiasV7\/wp-json\/wp\/v2\/posts\/54\/revisions"}],"predecessor-version":[{"id":409,"href":"https:\/\/pageup-solutions.com\/sitenoticiasV7\/wp-json\/wp\/v2\/posts\/54\/revisions\/409"}],"wp:featuredmedia":[{"embeddable":true,"href":"https:\/\/pageup-solutions.com\/sitenoticiasV7\/wp-json\/wp\/v2\/media\/55"}],"wp:attachment":[{"href":"https:\/\/pageup-solutions.com\/sitenoticiasV7\/wp-json\/wp\/v2\/media?parent=54"}],"wp:term":[{"taxonomy":"category","embeddable":true,"href":"https:\/\/pageup-solutions.com\/sitenoticiasV7\/wp-json\/wp\/v2\/categories?post=54"},{"taxonomy":"post_tag","embeddable":true,"href":"https:\/\/pageup-solutions.com\/sitenoticiasV7\/wp-json\/wp\/v2\/tags?post=54"}],"curies":[{"name":"wp","href":"https:\/\/api.w.org\/{rel}","templated":true}]}}