
{"id":74,"date":"2015-02-14T01:12:50","date_gmt":"2015-02-14T01:12:50","guid":{"rendered":"http:\/\/tudosites.com\/demo\/wordpress\/megaportal\/?p=74"},"modified":"2015-02-14T01:12:50","modified_gmt":"2015-02-14T01:12:50","slug":"sem-descanso-america-rn-tera-apenas-um-dia-de-folga-no-carnaval","status":"publish","type":"post","link":"https:\/\/pageup-solutions.com\/sitenoticiasV7\/sem-descanso-america-rn-tera-apenas-um-dia-de-folga-no-carnaval\/","title":{"rendered":"Sem descanso! Am\u00e9rica-RN ter\u00e1 apenas um dia de folga no carnaval"},"content":{"rendered":"<p>\u00c9 comum dizer que o pa\u00eds s\u00f3 come\u00e7a a funcionar de verdade ap\u00f3s o feriado de carnaval. Por\u00e9m, diferentemente da maioria dos brasileiros, que curte a folia at\u00e9 a quarta-feira de Cinzas, a realidade dos jogadores do Am\u00e9rica-RN \u00e9 bem diferente. Com viagem marcada para o s\u00e1bado pela manh\u00e3, com destino a Santa Cruz, onde a equipe enfrenta o Bara\u00fanas, \u00e0s 16h, no Est\u00e1dio Iberez\u00e3o, o elenco alvirrubro j\u00e1 retorna para a capital no mesmo dia \u00e0 noite.<\/p>\n<p><a href=\"http:\/\/projetos.pageup-solutions.com.br\/sitenoticiasV7\/wp-content\/uploads\/2015\/02\/10848792_937189086315905_3283040075310070989_o1.jpg\"><img loading=\"lazy\" class=\"alignnone size-full wp-image-75\" src=\"http:\/\/projetos.pageup-solutions.com.br\/sitenoticiasV7\/wp-content\/uploads\/2015\/02\/10848792_937189086315905_3283040075310070989_o1.jpg\" alt=\"10848792_937189086315905_3283040075310070989_o[1]\" width=\"690\" height=\"390\" srcset=\"https:\/\/pageup-solutions.com\/sitenoticiasV7\/wp-content\/uploads\/2015\/02\/10848792_937189086315905_3283040075310070989_o1.jpg 690w, https:\/\/pageup-solutions.com\/sitenoticiasV7\/wp-content\/uploads\/2015\/02\/10848792_937189086315905_3283040075310070989_o1-300x170.jpg 300w\" sizes=\"(max-width: 690px) 100vw, 690px\" \/><\/a><br \/>\nAp\u00f3s o compromisso pelo Campeonato Potiguar, os comandados de Roberto Fernandes ter\u00e3o apenas um dia de descanso, no domingo de carnaval. Logo depois da folga merecida, o elenco j\u00e1 se reapresenta na segunda-feira visando a prepara\u00e7\u00e3o para o confronto diante do Vit\u00f3ria, v\u00e1lido pela terceira rodada da fase de grupos da Copa do Nordeste.<\/p>\n","protected":false},"excerpt":{"rendered":"<p>\u00c9 comum dizer que o pa\u00eds s\u00f3 come\u00e7a a funcionar de verdade ap\u00f3s o feriado de carnaval. Por\u00e9m, diferentemente da maioria dos brasileiros, que curte a folia at\u00e9 a quarta-feira de Cinzas, a realidade dos jogadores do Am\u00e9rica-RN \u00e9 bem diferente. Com viagem marcada para o s\u00e1bado pela manh\u00e3, com destino a Santa Cruz, onde &#8230;<\/p>\n","protected":false},"author":1,"featured_media":75,"comment_status":"open","ping_status":"open","sticky":false,"template":"","format":"standard","meta":[],"categories":[6],"tags":[],"_links":{"self":[{"href":"https:\/\/pageup-solutions.com\/sitenoticiasV7\/wp-json\/wp\/v2\/posts\/74"}],"collection":[{"href":"https:\/\/pageup-solutions.com\/sitenoticiasV7\/wp-json\/wp\/v2\/posts"}],"about":[{"href":"https:\/\/pageup-solutions.com\/sitenoticiasV7\/wp-json\/wp\/v2\/types\/post"}],"author":[{"embeddable":true,"href":"https:\/\/pageup-solutions.com\/sitenoticiasV7\/wp-json\/wp\/v2\/users\/1"}],"replies":[{"embeddable":true,"href":"https:\/\/pageup-solutions.com\/sitenoticiasV7\/wp-json\/wp\/v2\/comments?post=74"}],"version-history":[{"count":0,"href":"https:\/\/pageup-solutions.com\/sitenoticiasV7\/wp-json\/wp\/v2\/posts\/74\/revisions"}],"wp:featuredmedia":[{"embeddable":true,"href":"https:\/\/pageup-solutions.com\/sitenoticiasV7\/wp-json\/wp\/v2\/media\/75"}],"wp:attachment":[{"href":"https:\/\/pageup-solutions.com\/sitenoticiasV7\/wp-json\/wp\/v2\/media?parent=74"}],"wp:term":[{"taxonomy":"category","embeddable":true,"href":"https:\/\/pageup-solutions.com\/sitenoticiasV7\/wp-json\/wp\/v2\/categories?post=74"},{"taxonomy":"post_tag","embeddable":true,"href":"https:\/\/pageup-solutions.com\/sitenoticiasV7\/wp-json\/wp\/v2\/tags?post=74"}],"curies":[{"name":"wp","href":"https:\/\/api.w.org\/{rel}","templated":true}]}}