
{"id":80,"date":"2015-02-14T01:17:25","date_gmt":"2015-02-14T01:17:25","guid":{"rendered":"http:\/\/tudosites.com\/demo\/wordpress\/megaportal\/?p=80"},"modified":"2015-02-14T01:17:25","modified_gmt":"2015-02-14T01:17:25","slug":"juiz-da-lava-jato-autoriza-cervero-a-fazer-tratamento-psicologico-na-prisao","status":"publish","type":"post","link":"https:\/\/pageup-solutions.com\/sitenoticiasV7\/juiz-da-lava-jato-autoriza-cervero-a-fazer-tratamento-psicologico-na-prisao\/","title":{"rendered":"Juiz da Lava Jato autoriza Cerver\u00f3 a fazer tratamento psicol\u00f3gico na pris\u00e3o"},"content":{"rendered":"<p><a href=\"http:\/\/projetos.pageup-solutions.com.br\/sitenoticiasV7\/wp-content\/uploads\/2015\/02\/cervero_fb1.jpg\"><img loading=\"lazy\" class=\" size-full wp-image-81 alignleft\" src=\"http:\/\/projetos.pageup-solutions.com.br\/sitenoticiasV7\/wp-content\/uploads\/2015\/02\/cervero_fb1.jpg\" alt=\"cervero_fb[1]\" width=\"300\" height=\"225\" \/><\/a>O juiz federal S\u00e9rgio Moro, respons\u00e1vel pela Opera\u00e7\u00e3o Lava Jato na primeira inst\u00e2ncia, autorizou nesta sexta-feira (13) que o ex-diretor da \u00e1rea internacional da Petrobras Nestor Cerver\u00f3 fa\u00e7a tratamento psicol\u00f3gico na carceragem da Pol\u00edcia Federal em Curitiba.<\/p>\n<p>No \u00faltimo dia 4, Cerver\u00f3 teve um pico de press\u00e3o arterial e precisou ser atendido pelo Servi\u00e7o de Atendimento M\u00f3vel de Urg\u00eancia (Samu).<\/p>\n<p>Segundo a defesa do ex-diretor, ele sofre de um transtorno psic\u00f3tico e precisaria de um tratamento psicoterap\u00eautico \u201ccom a maior brevidade poss\u00edvel\u201d. O tratamento inclui, al\u00e9m de acompanhamento m\u00e9dico, consultas semanais com um psic\u00f3logo.<\/p>\n<p>Na decis\u00e3o, S\u00e9rgio Moro afirma que o relat\u00f3rio m\u00e9dico anexado pela defesa de Cerver\u00f3 ao processo &#8220;aconselha fortemente acompanhamento psicol\u00f3gico aliado ao ajuste medicamentoso.&#8221;<\/p>\n","protected":false},"excerpt":{"rendered":"<p>O juiz federal S\u00e9rgio Moro, respons\u00e1vel pela Opera\u00e7\u00e3o Lava Jato na primeira inst\u00e2ncia, autorizou nesta sexta-feira (13) que o ex-diretor da \u00e1rea internacional da Petrobras Nestor Cerver\u00f3 fa\u00e7a tratamento psicol\u00f3gico na carceragem da Pol\u00edcia Federal em Curitiba. No \u00faltimo dia 4, Cerver\u00f3 teve um pico de press\u00e3o arterial e precisou ser atendido pelo Servi\u00e7o de &#8230;<\/p>\n","protected":false},"author":1,"featured_media":81,"comment_status":"open","ping_status":"open","sticky":false,"template":"","format":"standard","meta":[],"categories":[12],"tags":[],"_links":{"self":[{"href":"https:\/\/pageup-solutions.com\/sitenoticiasV7\/wp-json\/wp\/v2\/posts\/80"}],"collection":[{"href":"https:\/\/pageup-solutions.com\/sitenoticiasV7\/wp-json\/wp\/v2\/posts"}],"about":[{"href":"https:\/\/pageup-solutions.com\/sitenoticiasV7\/wp-json\/wp\/v2\/types\/post"}],"author":[{"embeddable":true,"href":"https:\/\/pageup-solutions.com\/sitenoticiasV7\/wp-json\/wp\/v2\/users\/1"}],"replies":[{"embeddable":true,"href":"https:\/\/pageup-solutions.com\/sitenoticiasV7\/wp-json\/wp\/v2\/comments?post=80"}],"version-history":[{"count":0,"href":"https:\/\/pageup-solutions.com\/sitenoticiasV7\/wp-json\/wp\/v2\/posts\/80\/revisions"}],"wp:featuredmedia":[{"embeddable":true,"href":"https:\/\/pageup-solutions.com\/sitenoticiasV7\/wp-json\/wp\/v2\/media\/81"}],"wp:attachment":[{"href":"https:\/\/pageup-solutions.com\/sitenoticiasV7\/wp-json\/wp\/v2\/media?parent=80"}],"wp:term":[{"taxonomy":"category","embeddable":true,"href":"https:\/\/pageup-solutions.com\/sitenoticiasV7\/wp-json\/wp\/v2\/categories?post=80"},{"taxonomy":"post_tag","embeddable":true,"href":"https:\/\/pageup-solutions.com\/sitenoticiasV7\/wp-json\/wp\/v2\/tags?post=80"}],"curies":[{"name":"wp","href":"https:\/\/api.w.org\/{rel}","templated":true}]}}