
{"id":86,"date":"2015-02-14T01:34:22","date_gmt":"2015-02-14T01:34:22","guid":{"rendered":"http:\/\/tudosites.com\/demo\/wordpress\/megaportal\/?p=86"},"modified":"2015-02-14T01:34:22","modified_gmt":"2015-02-14T01:34:22","slug":"governo-nega-confisco-da-caderneta-de-poupanca","status":"publish","type":"post","link":"https:\/\/pageup-solutions.com\/sitenoticiasV7\/governo-nega-confisco-da-caderneta-de-poupanca\/","title":{"rendered":"Governo nega confisco da caderneta de poupan\u00e7a"},"content":{"rendered":"<p>O Minist\u00e9rio da Fazenda divulgou nota \u00e0 imprensa nesta sexta-feira (13) para dizer que n\u00e3o procedem as informa\u00e7\u00f5es, que estariam circulando em m\u00eddias sociais, de que haveria risco de o governo confiscar a caderneta de poupan\u00e7a, ou aplica\u00e7\u00f5es financeiras, dos brasileiros.<\/p>\n<p>&#8220;Tais informa\u00e7\u00f5es s\u00e3o totalmente desprovidas de fundamento, n\u00e3o se conformando com a pol\u00edtica econ\u00f4mica de transpar\u00eancia e a\u00a0 valoriza\u00e7\u00e3o do aumento da taxa de poupan\u00e7a de nossa sociedade, promovida pelo governo, atrav\u00e9s do Minist\u00e9rio da Fazenda&#8221;, acrescentou o governo.<\/p>\n<div class=\"e3lan e3lan-in-post1\"><\/div> Em nota, o ministro da Justi\u00e7a, Jos\u00e9 Eduardo Cardozo, informou que determinou \u00e0 Pol\u00edcia Federal &#8220;a imediata e rigorosa apura\u00e7\u00e3o da origem dos boatos que circulam nas redes sociais relacionados \u00e0 caderneta de poupan\u00e7a&#8221;.<\/p>\n<p><strong>Confisco em 1990<\/strong><br \/>\nHouve um confisco da poupan\u00e7a no Brasil em 1990. O processo foi comandado pela ent\u00e3o ministra da Fazenda, Z\u00e9lia Cardoso de Mello, no in\u00edcio do governo do presidente Fernando Collor de Mello. Foram bloqueados a poupan\u00e7a e todas as aplica\u00e7\u00f5es financeiras da \u00e9poca acima de NCZ$ 50 mil (cruzados novos) &#8211; cerca de R$ 6 mil.<\/p>\n<p>A medida gerou rea\u00e7\u00e3o extremamente negativa na sociedade brasileira, que ficou sem dinheiro para honrar seus compromissos, e gerou fal\u00eancia de empresas.<\/p>\n","protected":false},"excerpt":{"rendered":"<p>O Minist\u00e9rio da Fazenda divulgou nota \u00e0 imprensa nesta sexta-feira (13) para dizer que n\u00e3o procedem as informa\u00e7\u00f5es, que estariam circulando em m\u00eddias sociais, de que haveria risco de o governo confiscar a caderneta de poupan\u00e7a, ou aplica\u00e7\u00f5es financeiras, dos brasileiros. &#8220;Tais informa\u00e7\u00f5es s\u00e3o totalmente desprovidas de fundamento, n\u00e3o se conformando com a pol\u00edtica econ\u00f4mica &#8230;<\/p>\n","protected":false},"author":1,"featured_media":87,"comment_status":"open","ping_status":"open","sticky":false,"template":"","format":"standard","meta":[],"categories":[3],"tags":[],"_links":{"self":[{"href":"https:\/\/pageup-solutions.com\/sitenoticiasV7\/wp-json\/wp\/v2\/posts\/86"}],"collection":[{"href":"https:\/\/pageup-solutions.com\/sitenoticiasV7\/wp-json\/wp\/v2\/posts"}],"about":[{"href":"https:\/\/pageup-solutions.com\/sitenoticiasV7\/wp-json\/wp\/v2\/types\/post"}],"author":[{"embeddable":true,"href":"https:\/\/pageup-solutions.com\/sitenoticiasV7\/wp-json\/wp\/v2\/users\/1"}],"replies":[{"embeddable":true,"href":"https:\/\/pageup-solutions.com\/sitenoticiasV7\/wp-json\/wp\/v2\/comments?post=86"}],"version-history":[{"count":0,"href":"https:\/\/pageup-solutions.com\/sitenoticiasV7\/wp-json\/wp\/v2\/posts\/86\/revisions"}],"wp:featuredmedia":[{"embeddable":true,"href":"https:\/\/pageup-solutions.com\/sitenoticiasV7\/wp-json\/wp\/v2\/media\/87"}],"wp:attachment":[{"href":"https:\/\/pageup-solutions.com\/sitenoticiasV7\/wp-json\/wp\/v2\/media?parent=86"}],"wp:term":[{"taxonomy":"category","embeddable":true,"href":"https:\/\/pageup-solutions.com\/sitenoticiasV7\/wp-json\/wp\/v2\/categories?post=86"},{"taxonomy":"post_tag","embeddable":true,"href":"https:\/\/pageup-solutions.com\/sitenoticiasV7\/wp-json\/wp\/v2\/tags?post=86"}],"curies":[{"name":"wp","href":"https:\/\/api.w.org\/{rel}","templated":true}]}}