{"id":29117,"date":"2019-02-16T18:33:14","date_gmt":"2019-02-16T20:33:14","guid":{"rendered":"https:\/\/pageup-solutions.com\/sitenoticiasv11\/?p=29117"},"modified":"2019-02-16T18:33:14","modified_gmt":"2019-02-16T20:33:14","slug":"maia-diz-que-reforma-da-previdencia-e-pacote-anticrime-vao-tramitar-paralelamente-na-camara","status":"publish","type":"post","link":"https:\/\/pageup-solutions.com\/sitenoticiasvc1\/maia-diz-que-reforma-da-previdencia-e-pacote-anticrime-vao-tramitar-paralelamente-na-camara\/","title":{"rendered":"Maia diz que Reforma da Previd\u00eancia e pacote anticrime v\u00e3o tramitar paralelamente na C\u00e2mara"},"content":{"rendered":"<p style=\"text-align: justify;\">O presidente da C\u00e2mara dos Deputados, Rodrigo Maia (DEM), declarou na tarde desta sexta-feira (8), em S\u00e3o Paulo, que o pacote anticrime, do ministro S\u00e9rgio Moro, ir\u00e1 tramitar paralelamente \u00e0 Reforma da Previd\u00eancia.<\/p>\n<p style=\"text-align: justify;\">&#8220;Vai tramitar [projeto anticrime] em paralelo pra ele n\u00e3o ficar parado. Tem que tramitar, N\u00e3o pode tramitar junto, s\u00e3o temas distintos. Mas ele vai tramitar na velocidade que atende aos interesses da sociedade em ter uma lei que endure\u00e7a a pena contra o crime organizado no Brasil. \u00c9 um projeto que vem em um bom momento, \u00e9 importante o governo federal avance e modernize a legisla\u00e7\u00e3o e contra a corrup\u00e7\u00e3o e o crime organizado. N\u00f3s vamos tramitar sem nenhum obst\u00e1culo&#8221;, disse.<\/p>\n<p style=\"text-align: justify;\">Ap\u00f3s declarar que o projeto anticrime pudesse contaminar a discuss\u00e3o sobre a Previd\u00eancia, Maia recuou e disse que a tramita\u00e7\u00e3o n\u00e3o ter\u00e1 nenhum obst\u00e1culo. No entanto, ele refor\u00e7ou que a prioridade \u00e9 a Previd\u00eancia.<\/p>\n<blockquote><p>&#8220;Na hora do plen\u00e1rio todo mundo j\u00e1 sabe que a prioridade \u00e9 primeiro a Previd\u00eancia e depois o projeto contra o crime organizado. Um n\u00e3o atrapalha o outro, um n\u00e3o tira do outro a possibilidade do projeto, da tramita\u00e7\u00e3o, um vem por projeto e o outro por emenda constitucional, mas s\u00e3o projetos importantes que espero que a C\u00e2mara tenha discutido os dois e aprovado, primeiro, a Previd\u00eancia at\u00e9 junho e depois a possibilidade de avan\u00e7ar com o outro projeto depois de avan\u00e7ar nas comiss\u00f5es tem\u00e1ticas&#8221;, disse ap\u00f3s se reunir com o governador Jo\u00e3o Doria (PSDB) no Pal\u00e1cio dos Bandeirantes.<\/p><\/blockquote>\n<p style=\"text-align: justify;\">Maia tem viajado aos Estados para conversar sobre a reforma da Previd\u00eancia com os governadores.<\/p>\n<p style=\"text-align: justify;\">A preocupa\u00e7\u00e3o do presidente da C\u00e2mara \u00e9 que o projeto de reforma da Previd\u00eancia seja aprovada chegue contaminado \u00e0 Casa e sofra ru\u00eddos.<\/p>\n<p style=\"text-align: justify;\">&#8220;A grande quest\u00e3o da Previd\u00eancia n\u00e3o \u00e9 como ela chega na C\u00e2mara, \u00e9 como ele \u00e9 interpretado por alguns segmentos da sociedade que n\u00e3o querem nenhum tipo de mudan\u00e7a. O grande problema \u00e9 que ele chegue ao Senado contaminado como o projeto do presidente Michel Temer chegou contaminado&#8221;.<\/p>\n<p style=\"text-align: justify;\">Maia ressaltou a necessidade de vota\u00e7\u00e3o da Previd\u00eancia antes dos demais projetos para organizar os cofres p\u00fablicos.<\/p>\n<p style=\"text-align: justify;\">&#8220;A Previd\u00eancia ser\u00e1 votada antes. Sem Previd\u00eancia n\u00e3o haver\u00e1 o estado brasileiro pra ter condi\u00e7\u00f5es de investir no crime organizado. A gente precisa organizar as contas p\u00fablicas.&#8221;<\/p>\n<p style=\"text-align: justify;\">Ele tamb\u00e9m afirmou que espera a recupera\u00e7\u00e3o do presidente Jair Bolsonaro para prosseguir com o tr\u00e2mite da reforma.<\/p>\n<p style=\"text-align: justify;\">&#8220;Espero que nos pr\u00f3ximos dias ele [presidente] j\u00e1 possa encaminhar a proposta da reforma da Previd\u00eancia para que a gente possa discutir em bases um texto real&#8221;, declarou.<\/p>\n","protected":false},"excerpt":{"rendered":"<p>O presidente da C\u00e2mara dos Deputados, Rodrigo Maia (DEM), declarou na tarde desta sexta-feira (8), em S\u00e3o Paulo, que o [&hellip;]<\/p>\n","protected":false},"author":1,"featured_media":29118,"comment_status":"open","ping_status":"open","sticky":false,"template":"","format":"standard","meta":{"footnotes":""},"categories":[354],"tags":[],"class_list":["post-29117","post","type-post","status-publish","format-standard","has-post-thumbnail","hentry","category-politica"],"_links":{"self":[{"href":"https:\/\/pageup-solutions.com\/sitenoticiasvc1\/wp-json\/wp\/v2\/posts\/29117","targetHints":{"allow":["GET"]}}],"collection":[{"href":"https:\/\/pageup-solutions.com\/sitenoticiasvc1\/wp-json\/wp\/v2\/posts"}],"about":[{"href":"https:\/\/pageup-solutions.com\/sitenoticiasvc1\/wp-json\/wp\/v2\/types\/post"}],"author":[{"embeddable":true,"href":"https:\/\/pageup-solutions.com\/sitenoticiasvc1\/wp-json\/wp\/v2\/users\/1"}],"replies":[{"embeddable":true,"href":"https:\/\/pageup-solutions.com\/sitenoticiasvc1\/wp-json\/wp\/v2\/comments?post=29117"}],"version-history":[{"count":0,"href":"https:\/\/pageup-solutions.com\/sitenoticiasvc1\/wp-json\/wp\/v2\/posts\/29117\/revisions"}],"wp:featuredmedia":[{"embeddable":true,"href":"https:\/\/pageup-solutions.com\/sitenoticiasvc1\/wp-json\/wp\/v2\/media\/29118"}],"wp:attachment":[{"href":"https:\/\/pageup-solutions.com\/sitenoticiasvc1\/wp-json\/wp\/v2\/media?parent=29117"}],"wp:term":[{"taxonomy":"category","embeddable":true,"href":"https:\/\/pageup-solutions.com\/sitenoticiasvc1\/wp-json\/wp\/v2\/categories?post=29117"},{"taxonomy":"post_tag","embeddable":true,"href":"https:\/\/pageup-solutions.com\/sitenoticiasvc1\/wp-json\/wp\/v2\/tags?post=29117"}],"curies":[{"name":"wp","href":"https:\/\/api.w.org\/{rel}","templated":true}]}}