{"id":29120,"date":"2019-02-16T19:30:14","date_gmt":"2019-02-16T21:30:14","guid":{"rendered":"https:\/\/pageup-solutions.com\/sitenoticiasv11\/?p=29120"},"modified":"2019-02-16T19:30:14","modified_gmt":"2019-02-16T21:30:14","slug":"fachin-suspende-decisao-que-permitia-a-deputada-estimular-denuncias-contra-professores","status":"publish","type":"post","link":"https:\/\/pageup-solutions.com\/sitenoticiasvc1\/fachin-suspende-decisao-que-permitia-a-deputada-estimular-denuncias-contra-professores\/","title":{"rendered":"Fachin suspende decis\u00e3o que permitia a deputada estimular den\u00fancias contra professores"},"content":{"rendered":"<p style=\"text-align: justify;\">O ministro Luiz Edson Fachin, do Supremo Tribunal Federal (STF), suspendeu uma decis\u00e3o que permitia \u00e0 deputada estadual Ana Carolina Campagnolo (PSL-SC) fazer publica\u00e7\u00f5es em redes sociais estimulando alunos a filmar e denunciar professores por &#8220;manifesta\u00e7\u00f5es pol\u00edtico-partid\u00e1rias ou ideol\u00f3gicas&#8221;.<\/p>\n<p style=\"text-align: justify;\">Fachin tomou a medida ao analisar uma decis\u00e3o da desembargadora Maria do Rocio Luz Santa Ritta, da 3\u00aa C\u00e2mara C\u00edvel do Tribunal de Justi\u00e7a de Santa Catarina, que autorizou as postagens. Com isso, volta a valer uma liminar (decis\u00e3o tempor\u00e1ria) de novembro de 2018 que determinou a retirada das publica\u00e7\u00f5es das redes sociais.<\/p>\n<p style=\"text-align: justify;\">Em 29 de outubro do ano passado, um dia ap\u00f3s a elei\u00e7\u00e3o de Jair Bolsonaro como presidente da Rep\u00fablica, Ana Carolina publicou uma mensagem nas redes sociais na qual havia um contato telef\u00f4nico para os estudantes denunciarem os professores.<\/p>\n<p style=\"text-align: justify;\">&#8220;Na semana do dia 29 de outubro, muitos professores e doutrinadores est\u00e3o inconformados e revoltados. Muitos n\u00e3o conseguir\u00e3o disfar\u00e7ar sua ira e far\u00e3o da sala de aula uma audi\u00eancia cativa para suas queixas pol\u00edtico-partid\u00e1rias em virtude da vit\u00f3ria do Presidente Bolsonaro&#8221;, escreveu a deputada estadual, filiada ao partido do presidente.<\/p>\n<p style=\"text-align: justify;\">\u00c0 \u00e9poca, a Secretaria de Estado de Educa\u00e7\u00e3o de Santa Catarina afirmou que a Constitui\u00e7\u00e3o e a Lei de Diretrizes e Bases asseguram a liberdade de ensino e aprendizagem.<\/p>\n<h3 style=\"text-align: justify;\"><strong>&#8216;Controle&#8217; sobre opini\u00f5es<\/strong><\/h3>\n<p style=\"text-align: justify;\">Ao suspender a decis\u00e3o que permitia as postagens, o ministro entendeu que a deputada estadual estava estimulando os alunos a terem &#8220;controle&#8221; sobre as opini\u00f5es dos professores.<\/p>\n<p style=\"text-align: justify;\">Fachin entendeu, ainda, que ela &#8220;incita, assim, a que os alunos se comportem como se agentes do Estado fossem, dando a entender que essa atua\u00e7\u00e3o \u00e9 leg\u00edtima, quando nem ao pr\u00f3prio Estado \u00e9 conferido o poder de controlar tais manifesta\u00e7\u00f5es&#8221;.<\/p>\n<blockquote><p><em>&#8220;Ao conclamar os alunos a exercerem verdadeiro controle sobre manifesta\u00e7\u00f5es de opini\u00e3o de professores, a deputada transmite a ideia de que isso \u00e9 l\u00edcito. Estimula-os, em consequ\u00eancia, a se sentirem legitimados a controlarem e a denunciarem manifesta\u00e7\u00f5es pol\u00edtico partid\u00e1rias ou ideol\u00f3gicas contr\u00e1rias \u00e0s suas&#8221;, completou.<\/em><\/p><\/blockquote>\n<p style=\"text-align: justify;\">Fachin afirmou, ainda, que o Supremo j\u00e1 reconheceu o direito \u00e0 liberdade de express\u00e3o de alunos e professores.<\/p>\n<p style=\"text-align: justify;\">Acrescentou, tamb\u00e9m, que os ministros recha\u00e7am quaisquer tentativas de impedir a propaga\u00e7\u00e3o de ideologias ou pensamento dentro dos estabelecimentos de ensino.<\/p>\n<p style=\"text-align: justify;\">A decis\u00e3o de Fachin \u00e9 v\u00e1lida at\u00e9 o julgamento do m\u00e9rito do pedido pelo plen\u00e1rio do STF.<\/p>\n","protected":false},"excerpt":{"rendered":"<p>O ministro Luiz Edson Fachin, do Supremo Tribunal Federal (STF), suspendeu uma decis\u00e3o que permitia \u00e0 deputada estadual Ana Carolina [&hellip;]<\/p>\n","protected":false},"author":1,"featured_media":29121,"comment_status":"open","ping_status":"open","sticky":false,"template":"","format":"standard","meta":{"footnotes":""},"categories":[354],"tags":[],"class_list":["post-29120","post","type-post","status-publish","format-standard","has-post-thumbnail","hentry","category-politica"],"_links":{"self":[{"href":"https:\/\/pageup-solutions.com\/sitenoticiasvc1\/wp-json\/wp\/v2\/posts\/29120","targetHints":{"allow":["GET"]}}],"collection":[{"href":"https:\/\/pageup-solutions.com\/sitenoticiasvc1\/wp-json\/wp\/v2\/posts"}],"about":[{"href":"https:\/\/pageup-solutions.com\/sitenoticiasvc1\/wp-json\/wp\/v2\/types\/post"}],"author":[{"embeddable":true,"href":"https:\/\/pageup-solutions.com\/sitenoticiasvc1\/wp-json\/wp\/v2\/users\/1"}],"replies":[{"embeddable":true,"href":"https:\/\/pageup-solutions.com\/sitenoticiasvc1\/wp-json\/wp\/v2\/comments?post=29120"}],"version-history":[{"count":0,"href":"https:\/\/pageup-solutions.com\/sitenoticiasvc1\/wp-json\/wp\/v2\/posts\/29120\/revisions"}],"wp:featuredmedia":[{"embeddable":true,"href":"https:\/\/pageup-solutions.com\/sitenoticiasvc1\/wp-json\/wp\/v2\/media\/29121"}],"wp:attachment":[{"href":"https:\/\/pageup-solutions.com\/sitenoticiasvc1\/wp-json\/wp\/v2\/media?parent=29120"}],"wp:term":[{"taxonomy":"category","embeddable":true,"href":"https:\/\/pageup-solutions.com\/sitenoticiasvc1\/wp-json\/wp\/v2\/categories?post=29120"},{"taxonomy":"post_tag","embeddable":true,"href":"https:\/\/pageup-solutions.com\/sitenoticiasvc1\/wp-json\/wp\/v2\/tags?post=29120"}],"curies":[{"name":"wp","href":"https:\/\/api.w.org\/{rel}","templated":true}]}}