{"id":29132,"date":"2019-02-16T20:17:28","date_gmt":"2019-02-16T22:17:28","guid":{"rendered":"https:\/\/pageup-solutions.com\/sitenoticiasv11\/?p=29132"},"modified":"2019-02-16T20:17:28","modified_gmt":"2019-02-16T22:17:28","slug":"bolsonaro-decide-conceder-indulto-para-presos-com-doencas-graves","status":"publish","type":"post","link":"https:\/\/pageup-solutions.com\/sitenoticiasvc1\/bolsonaro-decide-conceder-indulto-para-presos-com-doencas-graves\/","title":{"rendered":"Bolsonaro decide conceder indulto para presos com doen\u00e7as graves"},"content":{"rendered":"<p style=\"text-align: justify;\">O presidente Jair Bolsonaro decidiu conceder indulto (perd\u00e3o de pena) para presos com doen\u00e7as graves e doentes terminais. O decreto pro\u00edbe indulto a condenados por corrup\u00e7\u00e3o, crimes hediondos e de tortura, entre outros.<\/p>\n<p style=\"text-align: justify;\">Bolsonaro assinou o decreto nesta sexta-feira (8), no Hospital Albert Einstein, em S\u00e3o Paulo, onde est\u00e1 internado desde o dia 28 em raz\u00e3o de uma cirurgia para retirar bolsa de colostomia e religar o intestino. O decreto deve ser publicado na edi\u00e7\u00e3o desta segunda-feira (11) do &#8220;Di\u00e1rio Oficial da Uni\u00e3o&#8221;.<\/p>\n<h4 style=\"text-align: justify;\"><strong>O texto prev\u00ea indulto nos seguintes casos:<\/strong><\/h4>\n<ul style=\"text-align: justify;\">\n<li>por paraplegia, tetraplegia ou cegueira adquirida posteriormente \u00e0 pr\u00e1tica do delito ou dele consequente, comprovada por laudo m\u00e9dico oficial, ou, na falta do laudo, por m\u00e9dico designado pelo ju\u00edzo da execu\u00e7\u00e3o;<\/li>\n<li>por doen\u00e7a grave, permanente, que, simultaneamente, imponha severa limita\u00e7\u00e3o de atividade e que exija cuidados cont\u00ednuos que n\u00e3o possam ser prestados no estabelecimento penal, desde que comprovada por laudo m\u00e9dico oficial, ou, na falta do laudo, por m\u00e9dico designado pelo ju\u00edzo da execu\u00e7\u00e3o; ou<\/li>\n<li>por doen\u00e7a grave, neoplasia maligna ou s\u00edndrome da defici\u00eancia imunol\u00f3gica adquirida (aids), desde que em est\u00e1gio terminal.<\/li>\n<\/ul>\n<h4 style=\"text-align: justify;\"><strong>O indulto fica proibido nos seguintes casos:<\/strong><\/h4>\n<ul style=\"text-align: justify;\">\n<li>Condenados por crimes hediondos;<\/li>\n<li>Crimes com grave viol\u00eancia contra pessoa;<\/li>\n<li>Crimes de tortura;<\/li>\n<li>Envolvimento com organiza\u00e7\u00f5es criminosas;<\/li>\n<li>Terrorismo;<\/li>\n<li>Viola\u00e7\u00e3o e ass\u00e9dio sexual;<\/li>\n<li>Estupro de vulner\u00e1vel;<\/li>\n<li>Corrup\u00e7\u00e3o de menores;<\/li>\n<li>Satisfa\u00e7\u00e3o de lasc\u00edvia mediante presen\u00e7a de crian\u00e7a ou adolescente;<\/li>\n<li>Favorecimento da prostitui\u00e7\u00e3o ou de outra forma de explora\u00e7\u00e3o sexual de crian\u00e7a ou adolescente ou de vulner\u00e1vel;<\/li>\n<li>Peculato;<\/li>\n<li>Concuss\u00e3o;<\/li>\n<li>Corrup\u00e7\u00e3o passiva;<\/li>\n<li>Corrup\u00e7\u00e3o ativa;<\/li>\n<li>Tr\u00e1fico de influ\u00eancia;<\/li>\n<li>Vender\/transportar ou se envolver com drogas;<\/li>\n<\/ul>\n<p style=\"text-align: justify;\">O indulto \u00e9 geralmente concedido todos os anos, em per\u00edodo pr\u00f3ximo ao Natal. A pr\u00e1tica est\u00e1 prevista na Constitui\u00e7\u00e3o como atribui\u00e7\u00e3o exclusiva do presidente da Rep\u00fablica.<\/p>\n<p style=\"text-align: justify;\">Depois de eleito, em novembro do ano passado, Bolsonaro afirmou em rede social que n\u00e3o concederia indulto a presos em seu governo.<\/p>\n<h3 style=\"text-align: justify;\"><strong>Decreto pol\u00eamico<\/strong><\/h3>\n<p style=\"text-align: justify;\">No fim do ano passado, o ex-presidente Michel Temer decidiu que n\u00e3o editar o decreto de indulto de Natal. O indulto concedido por ele em 2017 est\u00e1 em julgamento no Supremo Tribunal Federal (STF).<\/p>\n<p style=\"text-align: justify;\">O julgamento foi interrompido em novembro do ano passado por um pedido de vista. Seis ministros votaram a favor do decreto e dois contra. Faltam os votos de outros tr\u00eas votos.<\/p>\n<p style=\"text-align: justify;\">Na \u00e9poca da assinatura do indulto, o coordenador da for\u00e7a-tarefa da Opera\u00e7\u00e3o Lava Jato em Curitiba, procurador Deltan Dallagnol, chegou a dizer que o decreto de Temer era um &#8220;feir\u00e3o de natal para corruptos&#8221;.<\/p>\n","protected":false},"excerpt":{"rendered":"<p>O presidente Jair Bolsonaro decidiu conceder indulto (perd\u00e3o de pena) para presos com doen\u00e7as graves e doentes terminais. O decreto [&hellip;]<\/p>\n","protected":false},"author":1,"featured_media":29133,"comment_status":"open","ping_status":"open","sticky":false,"template":"","format":"standard","meta":{"footnotes":""},"categories":[343,353,354],"tags":[],"class_list":["post-29132","post","type-post","status-publish","format-standard","has-post-thumbnail","hentry","category-destaque","category-policia","category-politica"],"_links":{"self":[{"href":"https:\/\/pageup-solutions.com\/sitenoticiasvc1\/wp-json\/wp\/v2\/posts\/29132","targetHints":{"allow":["GET"]}}],"collection":[{"href":"https:\/\/pageup-solutions.com\/sitenoticiasvc1\/wp-json\/wp\/v2\/posts"}],"about":[{"href":"https:\/\/pageup-solutions.com\/sitenoticiasvc1\/wp-json\/wp\/v2\/types\/post"}],"author":[{"embeddable":true,"href":"https:\/\/pageup-solutions.com\/sitenoticiasvc1\/wp-json\/wp\/v2\/users\/1"}],"replies":[{"embeddable":true,"href":"https:\/\/pageup-solutions.com\/sitenoticiasvc1\/wp-json\/wp\/v2\/comments?post=29132"}],"version-history":[{"count":0,"href":"https:\/\/pageup-solutions.com\/sitenoticiasvc1\/wp-json\/wp\/v2\/posts\/29132\/revisions"}],"wp:featuredmedia":[{"embeddable":true,"href":"https:\/\/pageup-solutions.com\/sitenoticiasvc1\/wp-json\/wp\/v2\/media\/29133"}],"wp:attachment":[{"href":"https:\/\/pageup-solutions.com\/sitenoticiasvc1\/wp-json\/wp\/v2\/media?parent=29132"}],"wp:term":[{"taxonomy":"category","embeddable":true,"href":"https:\/\/pageup-solutions.com\/sitenoticiasvc1\/wp-json\/wp\/v2\/categories?post=29132"},{"taxonomy":"post_tag","embeddable":true,"href":"https:\/\/pageup-solutions.com\/sitenoticiasvc1\/wp-json\/wp\/v2\/tags?post=29132"}],"curies":[{"name":"wp","href":"https:\/\/api.w.org\/{rel}","templated":true}]}}