{"id":29138,"date":"2019-02-16T20:44:09","date_gmt":"2019-02-16T22:44:09","guid":{"rendered":"https:\/\/pageup-solutions.com\/sitenoticiasv11\/?p=29138"},"modified":"2019-02-16T20:44:09","modified_gmt":"2019-02-16T22:44:09","slug":"luiz-antonio-bonat-e-aprovado-para-substituir-sergio-moro-na-lava-jato","status":"publish","type":"post","link":"https:\/\/pageup-solutions.com\/sitenoticiasvc1\/luiz-antonio-bonat-e-aprovado-para-substituir-sergio-moro-na-lava-jato\/","title":{"rendered":"Luiz Ant\u00f4nio Bonat \u00e9 aprovado para substituir S\u00e9rgio Moro na Lava Jato"},"content":{"rendered":"<p style=\"text-align: justify;\">O nome do\u00a0juiz Luiz Antonio Bonat\u00a0foi aprovado por unanimidade nesta sexta-feira (8) pelo Conselho de Administra\u00e7\u00e3o do TRF4 (Tribunal Regional Federal da 4\u00aa Regi\u00e3o) para assumir o comando da 13\u00aa Vara Federal de Curitiba, respons\u00e1vel pelas investiga\u00e7\u00f5es da\u00a0Opera\u00e7\u00e3o Lava Jato\u00a0na primeira inst\u00e2ncia.<\/p>\n<p style=\"text-align: justify;\">Juiz mais antigo da Justi\u00e7a Federal da 4\u00aa Regi\u00e3o, Bonat assumir\u00e1 o cargo deixado pelo ministro S\u00e9rgio Moro no final do ano passado para\u00a0assumir o Minist\u00e9rio da Justi\u00e7a do governo Bolsonaro.<\/p>\n<p style=\"text-align: justify;\">Ap\u00f3s a aprova\u00e7\u00e3o do Conselho de Administra\u00e7\u00e3o, o processo segue agora para a Corregedoria Regional da Justi\u00e7a Federal da 4\u00aa Regi\u00e3o.<\/p>\n<p style=\"text-align: justify;\">Nos pr\u00f3ximos dias, deve ser publicado o ato de remo\u00e7\u00e3o no Di\u00e1rio Eletr\u00f4nico da Justi\u00e7a Federal da 4\u00aa Regi\u00e3o, assinado pelo presidente do TRF4, desembargador federal Thompson Flores.<\/p>\n<p style=\"text-align: justify;\">No ato constar\u00e1 a data de entrada em exerc\u00edcio de Bonat como novo titular da 13\u00aa Vara Federal de Curitiba.<\/p>\n<h3 style=\"text-align: justify;\">Perfil<\/h3>\n<p style=\"text-align: justify;\">Bonat tem 64 anos e \u00e9 h\u00e1 25 anos atua como juiz federal. O curitibano j\u00e1 trabalhou em Foz do Igua\u00e7u, Crici\u00fama e Curitiba. Especialista em Direito P\u00fablico pela UFPR (Universidade Federal do Paran\u00e1), at\u00e9 ent\u00e3o, \u00e9 titular da 21\u00aa Vara Federal de Curitiba, que analisa processos na \u00e1rea previdenci\u00e1ria.<\/p>\n<p style=\"text-align: justify;\">Em 2003, Bonat foi o juiz que condenou criminalmente, pela primeira vez, uma pessoa jur\u00eddica no Brasil, em um caso de danos ambientais \u00e0 margem do rio Urussanga, em Santa Catarina. Ele tamb\u00e9m\u00a0j\u00e1 atuou no TRF4 como juiz federal convocado para aux\u00edlio e substitui\u00e7\u00e3o a desembargadores.<\/p>\n<p style=\"text-align: justify;\">O substituto de Moro ingressou na Justi\u00e7a Federal como servidor, em 1978, tendo assim atuado junto \u00e0 1\u00aa Vara Federal de Curitiba, como Auxiliar e T\u00e9cnico Judici\u00e1rio, e na 7\u00aa Vara Federal de Curitiba, como Diretor de Secretaria.<\/p>\n<p style=\"text-align: justify;\">Em 1993, foi aprovado no concurso de juiz federal e assumiu a magistratura na 1\u00aa Vara Federal de Foz do Igua\u00e7u (PR) e na 3\u00aa Vara Federal de Curitiba.<\/p>\n<p style=\"text-align: justify;\">Bonat possui especializa\u00e7\u00e3o em Direito P\u00fablico, pela UFPR (Universidade Federal do Paran\u00e1), tendo ministrado aulas em cursos de especializa\u00e7\u00e3o. Participa, como coautor, do livro Importa\u00e7\u00e3o e Exporta\u00e7\u00e3o no Direito Brasileiro, que tem como tema os crimes relacionados com o com\u00e9rcio exterior.<\/p>\n","protected":false},"excerpt":{"rendered":"<p>O nome do\u00a0juiz Luiz Antonio Bonat\u00a0foi aprovado por unanimidade nesta sexta-feira (8) pelo Conselho de Administra\u00e7\u00e3o do TRF4 (Tribunal Regional [&hellip;]<\/p>\n","protected":false},"author":1,"featured_media":29139,"comment_status":"open","ping_status":"open","sticky":false,"template":"","format":"standard","meta":{"footnotes":""},"categories":[354],"tags":[],"class_list":["post-29138","post","type-post","status-publish","format-standard","has-post-thumbnail","hentry","category-politica"],"_links":{"self":[{"href":"https:\/\/pageup-solutions.com\/sitenoticiasvc1\/wp-json\/wp\/v2\/posts\/29138","targetHints":{"allow":["GET"]}}],"collection":[{"href":"https:\/\/pageup-solutions.com\/sitenoticiasvc1\/wp-json\/wp\/v2\/posts"}],"about":[{"href":"https:\/\/pageup-solutions.com\/sitenoticiasvc1\/wp-json\/wp\/v2\/types\/post"}],"author":[{"embeddable":true,"href":"https:\/\/pageup-solutions.com\/sitenoticiasvc1\/wp-json\/wp\/v2\/users\/1"}],"replies":[{"embeddable":true,"href":"https:\/\/pageup-solutions.com\/sitenoticiasvc1\/wp-json\/wp\/v2\/comments?post=29138"}],"version-history":[{"count":0,"href":"https:\/\/pageup-solutions.com\/sitenoticiasvc1\/wp-json\/wp\/v2\/posts\/29138\/revisions"}],"wp:featuredmedia":[{"embeddable":true,"href":"https:\/\/pageup-solutions.com\/sitenoticiasvc1\/wp-json\/wp\/v2\/media\/29139"}],"wp:attachment":[{"href":"https:\/\/pageup-solutions.com\/sitenoticiasvc1\/wp-json\/wp\/v2\/media?parent=29138"}],"wp:term":[{"taxonomy":"category","embeddable":true,"href":"https:\/\/pageup-solutions.com\/sitenoticiasvc1\/wp-json\/wp\/v2\/categories?post=29138"},{"taxonomy":"post_tag","embeddable":true,"href":"https:\/\/pageup-solutions.com\/sitenoticiasvc1\/wp-json\/wp\/v2\/tags?post=29138"}],"curies":[{"name":"wp","href":"https:\/\/api.w.org\/{rel}","templated":true}]}}