{"id":29141,"date":"2019-02-17T08:53:30","date_gmt":"2019-02-17T11:53:30","guid":{"rendered":"https:\/\/pageup-solutions.com\/sitenoticiasv11\/?p=29141"},"modified":"2019-02-17T08:53:30","modified_gmt":"2019-02-17T11:53:30","slug":"branco-diz-que-vai-avaliar-com-calma-trabalho-de-comissao-tecnica-no-sub-20-campanha-muito-ruim","status":"publish","type":"post","link":"https:\/\/pageup-solutions.com\/sitenoticiasvc1\/branco-diz-que-vai-avaliar-com-calma-trabalho-de-comissao-tecnica-no-sub-20-campanha-muito-ruim\/","title":{"rendered":"Branco diz que vai avaliar com calma trabalho de comiss\u00e3o t\u00e9cnica no sub-20: &#8220;Campanha muito ruim&#8221;"},"content":{"rendered":"<p style=\"text-align: justify;\">Foram nove jogos, tr\u00eas vit\u00f3rias &#8211; uma no hexagonal, justamente contra a Argentina, nesse domingo, por 1 a 0, em Rancagua -, tr\u00eas derrotas e dois empates no Sul-Americano sub-20 no Chile. Mais uma vez, a sele\u00e7\u00e3o brasileira n\u00e3o se classificou para o Mundial da categoria &#8211; a terceira nas \u00faltimas quatro vezes. Terminou em quinto lugar. Classificaram Equador, Argentina, Uruguai e Col\u00f4mbia.<\/p>\n<p style=\"text-align: justify;\">O coordenador da base da CBF, Branco, disse que n\u00e3o ia tapar o sol com a peneira. Classificou a campanha como muito ruim. Mas evitou falar do futuro da comiss\u00e3o t\u00e9cnica na sele\u00e7\u00e3o brasileira.<\/p>\n<p style=\"text-align: justify;\">Em entrevista coletiva, Carlos Amadeu expressou a vontade de seguir trabalhando com a sele\u00e7\u00e3o sub-20 &#8211; o t\u00e9cnico est\u00e1 na CBF h\u00e1 quatro anos, foi campe\u00e3o sul-americano e terceiro colocado no sub-17. Para ele, superar todos problemas do pacote de jogadores que j\u00e1 servem ao profissional &#8211; os de maior destaque n\u00e3o s\u00e3o liberados pelos seus clubes &#8211; \u00e9 um grande desafio.<\/p>\n<p style=\"text-align: justify;\">Branco evitou falar do futuro. Nos bastidores, a mudan\u00e7a se anuncia para a volta ao Brasil. O coordenador da CBF disse que vai analisar com calma e tranquilidade a quest\u00e3o.<\/p>\n<p style=\"text-align: justify;\">&#8211; Amadeu \u00e9 um grande t\u00e9cnico. Agora n\u00e3o adianta querer fazer aqui um balan\u00e7o do trabalho dele. Vou chegar na CBF, a gente vai sentar com calma e tranquilidade. Todos est\u00e3o tristes. Acima de tudo pelo jogo que fizemos hoje. Talvez se tiv\u00e9ssemos feito dois, tr\u00eas jogos desse n\u00edvel a gente estaria sorrindo no Mundial da Pol\u00f4nia. N\u00e3o conseguimos e n\u00e3o adianta agora de cabe\u00e7a quente fazer balan\u00e7o geral. O espelho do balan\u00e7o \u00e9 que n\u00f3s n\u00e3o entramos. Depois, quando chegar no Rio, vamos sentar e conversar &#8211; disse o coordenador da base.<\/p>\n<p style=\"text-align: justify;\">, Branco volta ao Rio de Janeiro na hora do almo\u00e7o, antes da delega\u00e7\u00e3o brNa segunda passagem como coordenador de base da CBFasileira, que s\u00f3 volta de noite para o Brasil. O tetracampe\u00e3o do mundo em 1994 reconheceu que esperava mais da campanha do Brasil.<\/p>\n<p style=\"text-align: justify;\">&#8211; A nossa campanha a tabela mostra. A campanha foi muito ruim. Poder\u00edamos dar algo mais. Foi o que vimos hoje. Conseguimos melhor em todos sentidos. Tivemos v\u00e1rias chances, assim como tivemos na competi\u00e7\u00e3o. N\u00e3o aproveitamos para fazer os gols. N\u00e3o adianta tapar o sol com a peneira. Precisamos trabalhar para melhorar todas as sele\u00e7\u00f5es. A sub-15, sub-17, a sub-20. Dia de muita tristeza porque o Brasil, pelo futebol que tem, pela tradi\u00e7\u00e3o que tem na base, n\u00e3o pode ficar de fora &#8211; afirmou Branco.<\/p>\n<p style=\"text-align: justify;\">O desejo de Branco \u00e9 discutir com a CBF, com a Conmebol e com a Fifa a libera\u00e7\u00e3o de jogadores para competi\u00e7\u00f5es de base. Ele reconhece, por\u00e9m, a dificuldade do anseio se tornar realidade. A solu\u00e7\u00e3o pode passar por aumentar a observa\u00e7\u00e3o e contar com mais convoca\u00e7\u00f5es para formar um grupo alternativo aos jogadores vetados por grandes clubes brasileiros e europeus.<\/p>\n<p style=\"text-align: justify;\">&#8211; Cada vez mais \u00e9 um grande problema que a gente tem. Aqui se analisarmos bem \u00e9 eliminat\u00f3ria de Mundial. Nem no Mundial libera. Tem que mudar, at\u00e9 para o espet\u00e1culo melhorar. Mas isso \u00e9 discuss\u00e3o que j\u00e1 vem de muito tempo. S\u00f3 treinamos esse time praticamente quando tem convoca\u00e7\u00e3o. Se continuar dessa forma temos que ampliar nossa observa\u00e7\u00e3o para ter lista mais larga de qualidade para contar com outros jogadores que t\u00eam condi\u00e7\u00e3o de servir a sele\u00e7\u00e3o. Os que n\u00e3o forem liberados, n\u00e3o podemos fazer nada.<\/p>\n<p><strong>Fonte:<\/strong> Globo Esporte<\/p>\n","protected":false},"excerpt":{"rendered":"<p>Foram nove jogos, tr\u00eas vit\u00f3rias &#8211; uma no hexagonal, justamente contra a Argentina, nesse domingo, por 1 a 0, em [&hellip;]<\/p>\n","protected":false},"author":1,"featured_media":29142,"comment_status":"open","ping_status":"open","sticky":false,"template":"","format":"standard","meta":{"footnotes":""},"categories":[348],"tags":[],"class_list":["post-29141","post","type-post","status-publish","format-standard","has-post-thumbnail","hentry","category-esportes"],"_links":{"self":[{"href":"https:\/\/pageup-solutions.com\/sitenoticiasvc1\/wp-json\/wp\/v2\/posts\/29141","targetHints":{"allow":["GET"]}}],"collection":[{"href":"https:\/\/pageup-solutions.com\/sitenoticiasvc1\/wp-json\/wp\/v2\/posts"}],"about":[{"href":"https:\/\/pageup-solutions.com\/sitenoticiasvc1\/wp-json\/wp\/v2\/types\/post"}],"author":[{"embeddable":true,"href":"https:\/\/pageup-solutions.com\/sitenoticiasvc1\/wp-json\/wp\/v2\/users\/1"}],"replies":[{"embeddable":true,"href":"https:\/\/pageup-solutions.com\/sitenoticiasvc1\/wp-json\/wp\/v2\/comments?post=29141"}],"version-history":[{"count":0,"href":"https:\/\/pageup-solutions.com\/sitenoticiasvc1\/wp-json\/wp\/v2\/posts\/29141\/revisions"}],"wp:featuredmedia":[{"embeddable":true,"href":"https:\/\/pageup-solutions.com\/sitenoticiasvc1\/wp-json\/wp\/v2\/media\/29142"}],"wp:attachment":[{"href":"https:\/\/pageup-solutions.com\/sitenoticiasvc1\/wp-json\/wp\/v2\/media?parent=29141"}],"wp:term":[{"taxonomy":"category","embeddable":true,"href":"https:\/\/pageup-solutions.com\/sitenoticiasvc1\/wp-json\/wp\/v2\/categories?post=29141"},{"taxonomy":"post_tag","embeddable":true,"href":"https:\/\/pageup-solutions.com\/sitenoticiasvc1\/wp-json\/wp\/v2\/tags?post=29141"}],"curies":[{"name":"wp","href":"https:\/\/api.w.org\/{rel}","templated":true}]}}