{"id":29147,"date":"2019-02-17T09:01:04","date_gmt":"2019-02-17T12:01:04","guid":{"rendered":"https:\/\/pageup-solutions.com\/sitenoticiasv11\/?p=29147"},"modified":"2019-02-17T09:01:04","modified_gmt":"2019-02-17T12:01:04","slug":"adesanya-diz-que-se-sentiu-como-no-alem-da-imaginacao-ao-enfrentar-anderson-silva","status":"publish","type":"post","link":"https:\/\/pageup-solutions.com\/sitenoticiasvc1\/adesanya-diz-que-se-sentiu-como-no-alem-da-imaginacao-ao-enfrentar-anderson-silva\/","title":{"rendered":"Adesanya diz que se sentiu como no &#8220;Al\u00e9m da Imagina\u00e7\u00e3o&#8221; ao enfrentar Anderson Silva"},"content":{"rendered":"<p style=\"text-align: justify;\">A sensa\u00e7\u00e3o parecia ser de quem realizou um sonho e ainda n\u00e3o havia acordado. Israel Adesanya mostrou-se extasiado na entrevista coletiva ap\u00f3s o UFC 234. A vit\u00f3ria por decis\u00e3o un\u00e2nime contra o seu \u00eddolo Anderson Silva teve um sabor quase psicod\u00e9lico para o nigeriano, que comparou a sua sensa\u00e7\u00e3o a estar em um epis\u00f3dio do antigo seriado de fic\u00e7\u00e3o &#8220;Al\u00e9m da Imagina\u00e7\u00e3o&#8221;.<\/p>\n<p style=\"text-align: justify;\">&#8211; Tenho que rever a luta. \u00c9 dif\u00edcil analisar uma luta t\u00e3o r\u00e1pido assim. Ainda estou na adrenalina. O principal \u00e9 que eu me diverti. Acho que o pr\u00eamio pela luta da noite foi merecido. Anderson \u00e9 um \u00f3timo advers\u00e1rio. A melhor forma que eu encontro para descrever o sentimento \u00e9 como se eu estivesse em um epis\u00f3dio do &#8220;Al\u00e9m da Imagina\u00e7\u00e3o&#8221;. Foi bom demais, e eu viajei durante a luta. Ele tentou tantos truques que eu j\u00e1 conhecia, por ter visto tantas vezes. Ele fez como contra Demian Maia no UFC 112, em Abu Dhabi, me mandando bater nele com o meu melhor golpe. Eu pare\u00e7o idiota, mas n\u00e3o sou. Conhe\u00e7o todos os truques dele. Joguei muito videogame com o personagem dele. Eu sabia tudo que ele ia fazer, e venci.<\/p>\n<p style=\"text-align: justify;\">Adesanya tamb\u00e9m disse torcer para que o brasileiro possa ser escalado para o UFC 237, que acontece em Curitiba no dia 11 de maio.<\/p>\n<p style=\"text-align: justify;\">&#8211; Foi uma loucura. Ainda estou nas nuvens. Como Anderson disse a semana toda: &#8220;Uau!&#8221; Hoje aconteceu o fim do primeiro document\u00e1rio, quando eu enfrento o cara que me trouxe para o esporte. Espero que ele consiga lutar em Curitiba para ter a chance de se apresentar diante dos seus f\u00e3s, na sua cidade. Eu sei que eles s\u00e3o amigos, mas gostaria de v\u00ea-lo enfrentar Lyoto Machida. Ele est\u00e1 no Bellator? Droga (risos)! Talve fosse legal v\u00ea-lo enfrentar Jared Cannonier, ou qualquer outro que ele quiser.<\/p>\n<p style=\"text-align: justify;\">Perguntado se houve algo que Anderson tivesse feito que o surpreendeu, Adesanya elegeu um jab muito r\u00e1pido que o brasileiro desferiu em seu rosto com muita velocidade, mas aproveitou para deixar claro que n\u00e3o aliviou o ritmo contra o brasileiro, a quem reputou como um dos melhores trocadores que j\u00e1 enfrentou.<\/p>\n<p style=\"text-align: justify;\">&#8211; No segundo round, um jab chegou muito r\u00e1pido e eu me impressionei. Ele \u00e9 bom, ainda consegue lutar bem e em alto n\u00edvel. N\u00e3o tenham d\u00favidas. N\u00e3o peguei leve com ele, n\u00e3o sou idiota. Queria nocaute\u00e1-lo, mas n\u00e3o deu. Anderson, como striker, est\u00e1 entre os melhores que j\u00e1 enfrentei. Ele poderia ter muito sucesso no kickboxing. Ele \u00e9 uma lenda nesse esporte. N\u00e3o se pode tirar seus m\u00e9ritos.<\/p>\n<p style=\"text-align: justify;\">O nigeriano tamb\u00e9m revelou que pediu, em uma conversa com Dana, para, caso vencesse Anderson Silva, voltar ao oct\u00f3gono ap\u00f3s a luta entre Kelvin Gastelum e Robert Whittaker para fazer uma encarada, j\u00e1 como desafiante ao cintur\u00e3o, contra o vencedor, caso a luta tivesse acontecido.<\/p>\n<p style=\"text-align: justify;\">&#8211; Eu falei com Dana que queria voltar ao oct\u00f3gono se Kelvin e Robert lutassem e encarar o vencedor intensamente por 30s. N\u00e3o como Lesnar e Cormier, mas gostaria de fazer essa encarada. No longo prazo, eu n\u00e3o me importo de encarar Kelvin ou Robert. Enfrento qualquer um dos dois. S\u00f3 sei que vou disputar o cintur\u00e3o.<\/p>\n<p style=\"text-align: justify;\">Perguntado sobre como soube que faria a luta principal do evento, Adesanya revelou ter sido informado pelo seu pai logo pela manh\u00e3.<\/p>\n<p style=\"text-align: justify;\">&#8211; Eu acordei pouco antes de 8h da manh\u00e3, falei com a minha fam\u00edlia pela internet e meu pai me disse que Robert estava fora do evento. Eu fiquei chateado, porque achei que eu lutaria contra Kelvin, e n\u00e3o conseguiria enfrentar Anderson. Foi um anticl\u00edmax. Felizmente tudo mudou em dois minutos.<\/p>\n<p style=\"text-align: justify;\">O lutador agora planeja tirar algum tempo de descanso, e viajar para a Nig\u00e9ria em mar\u00e7o ou abril, para rever a fam\u00edlia.<\/p>\n<p style=\"text-align: justify;\">&#8211; Eu acho que tenho o direito de fazer o que eu quero agora. Em mar\u00e7o ou abril eu quero ir \u00e0 Nig\u00e9ria &#8211; n\u00e3o vou agora porque est\u00e1 em \u00e9poca de elei\u00e7\u00f5es e eu conhe\u00e7o meu povo. Acho que posso tirar um tempo para descansar, porque eu j\u00e1 fiz bastante pela organiza\u00e7\u00e3o. Lutei pela quinta vez em um per\u00edodo exatamente de um ano, e agora quero fazer algo por mim.<\/p>\n","protected":false},"excerpt":{"rendered":"<p>A sensa\u00e7\u00e3o parecia ser de quem realizou um sonho e ainda n\u00e3o havia acordado. Israel Adesanya mostrou-se extasiado na entrevista [&hellip;]<\/p>\n","protected":false},"author":1,"featured_media":29148,"comment_status":"open","ping_status":"open","sticky":false,"template":"","format":"standard","meta":{"footnotes":""},"categories":[348],"tags":[],"class_list":["post-29147","post","type-post","status-publish","format-standard","has-post-thumbnail","hentry","category-esportes"],"_links":{"self":[{"href":"https:\/\/pageup-solutions.com\/sitenoticiasvc1\/wp-json\/wp\/v2\/posts\/29147","targetHints":{"allow":["GET"]}}],"collection":[{"href":"https:\/\/pageup-solutions.com\/sitenoticiasvc1\/wp-json\/wp\/v2\/posts"}],"about":[{"href":"https:\/\/pageup-solutions.com\/sitenoticiasvc1\/wp-json\/wp\/v2\/types\/post"}],"author":[{"embeddable":true,"href":"https:\/\/pageup-solutions.com\/sitenoticiasvc1\/wp-json\/wp\/v2\/users\/1"}],"replies":[{"embeddable":true,"href":"https:\/\/pageup-solutions.com\/sitenoticiasvc1\/wp-json\/wp\/v2\/comments?post=29147"}],"version-history":[{"count":0,"href":"https:\/\/pageup-solutions.com\/sitenoticiasvc1\/wp-json\/wp\/v2\/posts\/29147\/revisions"}],"wp:featuredmedia":[{"embeddable":true,"href":"https:\/\/pageup-solutions.com\/sitenoticiasvc1\/wp-json\/wp\/v2\/media\/29148"}],"wp:attachment":[{"href":"https:\/\/pageup-solutions.com\/sitenoticiasvc1\/wp-json\/wp\/v2\/media?parent=29147"}],"wp:term":[{"taxonomy":"category","embeddable":true,"href":"https:\/\/pageup-solutions.com\/sitenoticiasvc1\/wp-json\/wp\/v2\/categories?post=29147"},{"taxonomy":"post_tag","embeddable":true,"href":"https:\/\/pageup-solutions.com\/sitenoticiasvc1\/wp-json\/wp\/v2\/tags?post=29147"}],"curies":[{"name":"wp","href":"https:\/\/api.w.org\/{rel}","templated":true}]}}