{"id":29150,"date":"2019-02-17T09:10:08","date_gmt":"2019-02-17T12:10:08","guid":{"rendered":"https:\/\/pageup-solutions.com\/sitenoticiasv11\/?p=29150"},"modified":"2019-02-17T09:10:08","modified_gmt":"2019-02-17T12:10:08","slug":"depoimento-cita-gambiarra-em-ar-condicionado-em-alojamento-de-incendio","status":"publish","type":"post","link":"https:\/\/pageup-solutions.com\/sitenoticiasvc1\/depoimento-cita-gambiarra-em-ar-condicionado-em-alojamento-de-incendio\/","title":{"rendered":"Depoimento cita &#8220;gambiarra&#8221; em ar-condicionado em alojamento de inc\u00eandio"},"content":{"rendered":"<p style=\"text-align: justify;\">Uma reportagem do programa &#8220;Fant\u00e1stico&#8221;, da TV Globo, veiculada neste domingo (10), afirmou que um dos sobreviventes do inc\u00eandio que matou 10 jovens jogadores no centro de treinamento do\u00a0Flamengo\u00a0citou em depoimento \u00e0 pol\u00edcia uma &#8220;gambiarra&#8221; em um aparelho de ar condicionado do local. Segundo as investiga\u00e7\u00f5es, a origem das chamas aconteceu em um aparelho do mesmo tipo. N\u00e3o ficou claro se o ar condicionado citado no depoimento \u00e9 o mesmo envolvido na trag\u00e9dia.<\/p>\n<p style=\"text-align: justify;\">Segundo esse depoimento, o aparelho de ar condicionado seria menor do que o buraco na parede. O espa\u00e7o que sobrou teria sido preenchido com peda\u00e7os de madeira, pl\u00e1stico bolha e espuma. De acordo com Moacyr Duarte, especialista em seguran\u00e7a ouvido pela reportagem, essa situa\u00e7\u00e3o pode ter contribu\u00eddo para que o ar entrasse por frestas na parede e alimentasse as chamas.<\/p>\n<p style=\"text-align: justify;\">&#8220;Esse tipo de ar condicionado tem a parte do condensador fora do ambiente, ele passa exatamente sobre o sandu\u00edche do material isolante. Temos um acabamento padr\u00e3o de alum\u00ednio, que tem caracter\u00edstica de resist\u00eancia de passagem de calor. Se n\u00e3o houvesse isso ou se tiver a possibilidade da chama gerada entrar em contato com o material que est\u00e1 dentro do sandu\u00edche, o que vai acontecer \u00e9 que vai estabelecer uma queima semelhante a um forno de carv\u00e3o. Ou seja, uma queima com muito pouco ar&#8221;, explicou\u00a0ele.<\/p>\n<p style=\"text-align: justify;\">&#8220;\u00c0 medida que vai tendo a evolu\u00e7\u00e3o da linha de queima para cima, voc\u00ea vai puxando o ar pelas frestas. Isso vai alimentando aquela combust\u00e3o lenta at\u00e9 que, quando\u00a0chegar na extremidade da jun\u00e7\u00e3o de placa, o pr\u00f3prio calor gerado come\u00e7a a dilatar as frestas e o ar entra&#8221;, completou.<\/p>\n<p style=\"text-align: justify;\">As paredes do alojamento onde estavam dormindo os adolescentes eram feitas de duas placas de metal e, entre elas, um isolante t\u00e9rmico e c\u00e1ustico, a espuma de poliuretano. Ao queimar, esse material, que \u00e9 o mesmo envolvido na trag\u00e9dia da boate Kiss no Rio Grande do Sul, em 2013, libera\u00a0o g\u00e1s cianeto, uma subst\u00e2ncia extremamente t\u00f3xica.<\/p>\n<p style=\"text-align: justify;\">Nos depoimentos, os sobreviventes relataram muita dificuldade para acordar, como se estivessem desmaiados, e tamb\u00e9m para despertar os colegas, precisando at\u00e9 mesmo dar tapas em alguns deles. Segundo os depoimentos, eles ficaram bastante debilitados pela fuma\u00e7a.<\/p>\n<p style=\"text-align: justify;\">Em nota oficial divulgada neste domingo, o\u00a0Flamengo afirmou que o poliuretano utilizado entre as chapas met\u00e1licas das paredes do alojamento n\u00e3o foi um propagador do inc\u00eandio, j\u00e1 que possui &#8220;caracter\u00edstica auto-extingu\u00edvel&#8221;.<\/p>\n<p style=\"text-align: justify;\">Outro ponto levantado pela reportagem foi que s\u00f3 havia um monitor de plant\u00e3o, que em seu depoimento disse que ouviu uma explos\u00e3o e, ao sair do local onde estava, ao lado do alojamento, j\u00e1 encontrou tudo em chamas. De acordo com o Conselho Nacional da Crian\u00e7a e do Adolescente, \u00e9 preciso um monitor para cada 10 menores tutelados, al\u00e9m de uma equipe noturna acordada e atenta a qualquer movimenta\u00e7\u00e3o.<\/p>\n<h3 style=\"text-align: justify;\"><strong>O caso<\/strong><\/h3>\n<p style=\"text-align: justify;\">O inc\u00eandio aconteceu nas primeiras horas da \u00faltima sexta-feira (8). Os bombeiros foram acionados \u00e0s 5h17 (hor\u00e1rio de Bras\u00edlia). O fogo atingiu a ala mais velha do CT, que servia de alojamento para as categorias de base do clube e recebia jogadores de 14 a 17 anos de idade. O local seria desativado e demolido nas pr\u00f3ximas semanas. Autoridades do Rio de Janeiro trabalham com um problema no sistema de ar condicionado\u00a0do alojamento como principal hip\u00f3tese para o ocorrido.<\/p>\n<h3 style=\"text-align: justify;\"><strong>As v\u00edtimas<\/strong><\/h3>\n<p style=\"text-align: justify;\">Foram confirmados dez mortos e tr\u00eas feridos. As v\u00edtimas foram\u00a0identificadas como Christian Esmeio Candido (15 anos), Vitor Isa\u00edas (15 anos), Jorge Eduardo (15 anos), Pablo Henrique da Silva (15 anos), Bernardo Pisetta (14 anos), Arthur Vinicius (14 anos),\u00a0Athila\u00a0Paix\u00e3o (14 anos), Gedson\u00a0Santos (14 anos),\u00a0Rykelmo\u00a0Vianna\u00a0(16 anos) e Samuel Thomas Rosa (15 anos).<\/p>\n","protected":false},"excerpt":{"rendered":"<p>Uma reportagem do programa &#8220;Fant\u00e1stico&#8221;, da TV Globo, veiculada neste domingo (10), afirmou que um dos sobreviventes do inc\u00eandio que [&hellip;]<\/p>\n","protected":false},"author":1,"featured_media":29151,"comment_status":"open","ping_status":"open","sticky":false,"template":"","format":"standard","meta":{"footnotes":""},"categories":[348,353],"tags":[],"class_list":["post-29150","post","type-post","status-publish","format-standard","has-post-thumbnail","hentry","category-esportes","category-policia"],"_links":{"self":[{"href":"https:\/\/pageup-solutions.com\/sitenoticiasvc1\/wp-json\/wp\/v2\/posts\/29150","targetHints":{"allow":["GET"]}}],"collection":[{"href":"https:\/\/pageup-solutions.com\/sitenoticiasvc1\/wp-json\/wp\/v2\/posts"}],"about":[{"href":"https:\/\/pageup-solutions.com\/sitenoticiasvc1\/wp-json\/wp\/v2\/types\/post"}],"author":[{"embeddable":true,"href":"https:\/\/pageup-solutions.com\/sitenoticiasvc1\/wp-json\/wp\/v2\/users\/1"}],"replies":[{"embeddable":true,"href":"https:\/\/pageup-solutions.com\/sitenoticiasvc1\/wp-json\/wp\/v2\/comments?post=29150"}],"version-history":[{"count":0,"href":"https:\/\/pageup-solutions.com\/sitenoticiasvc1\/wp-json\/wp\/v2\/posts\/29150\/revisions"}],"wp:featuredmedia":[{"embeddable":true,"href":"https:\/\/pageup-solutions.com\/sitenoticiasvc1\/wp-json\/wp\/v2\/media\/29151"}],"wp:attachment":[{"href":"https:\/\/pageup-solutions.com\/sitenoticiasvc1\/wp-json\/wp\/v2\/media?parent=29150"}],"wp:term":[{"taxonomy":"category","embeddable":true,"href":"https:\/\/pageup-solutions.com\/sitenoticiasvc1\/wp-json\/wp\/v2\/categories?post=29150"},{"taxonomy":"post_tag","embeddable":true,"href":"https:\/\/pageup-solutions.com\/sitenoticiasvc1\/wp-json\/wp\/v2\/tags?post=29150"}],"curies":[{"name":"wp","href":"https:\/\/api.w.org\/{rel}","templated":true}]}}