{"id":29153,"date":"2019-02-17T09:15:05","date_gmt":"2019-02-17T12:15:05","guid":{"rendered":"https:\/\/pageup-solutions.com\/sitenoticiasv11\/?p=29153"},"modified":"2019-02-17T09:15:05","modified_gmt":"2019-02-17T12:15:05","slug":"ernesto-valverde-minimiza-novo-tropeco-do-barcelona-saimos-em-primeiro","status":"publish","type":"post","link":"https:\/\/pageup-solutions.com\/sitenoticiasvc1\/ernesto-valverde-minimiza-novo-tropeco-do-barcelona-saimos-em-primeiro\/","title":{"rendered":"Ernesto Valverde minimiza novo trope\u00e7o do Barcelona: &#8220;Sa\u00edmos em primeiro&#8221;"},"content":{"rendered":"<p style=\"text-align: justify;\">Ap\u00f3s o\u00a0empate sem gols do Barcelona contra o Athletic\u00a0Bilbao\u00a0neste domingo (10), o t\u00e9cnico Ernesto Valderde\u00a0minimizou o novo trope\u00e7o do time catal\u00e3o no\u00a0Campeonato Espanhol. O treinador destacou que, apesar dos empates seguidos na competi\u00e7\u00e3o, a equipe segue na lideran\u00e7a da tabela.<br \/>\n&#8220;Sa\u00edmos da rodada da mesma forma que sa\u00edmos na semana passada. Sa\u00edmos outra vez em primeiro. E se minhas contas est\u00e3o certas, sairemos em primeiro na pr\u00f3xima rodada&#8221;, disse o treinador.<br \/>\nO empate neste domingo foi o segundo consecutivo do Bar\u00e7a no Espanhol. Antes disso, a equipe j\u00e1 havia\u00a0trope\u00e7ado diante do Valencia.<br \/>\nApesar dos trope\u00e7os, o Barcelona segue com vantagem confort\u00e1vel na competi\u00e7\u00e3o. Ap\u00f3s 23 rodadas, a equipe lidera com 51 pontos &#8212; seis a mais que o Real Madrid,\u00a0que venceu o cl\u00e1ssico contra o Atl\u00e9tico de Madri no \u00faltimo s\u00e1bado (9)\u00a0e ocupa a segunda posi\u00e7\u00e3o.<br \/>\nValverde tamb\u00e9m aproveitou para comentar o desempenho da equipe diante do\u00a0Bilbao e falou sobre o calend\u00e1rio enfrentado nas \u00faltimas semanas.<br \/>\n&#8220;Faltou um pouco de decis\u00e3o para n\u00f3s no primeiro tempo. Se o calend\u00e1rio influenciou (no rendimento da equipe)? Influenciou por n\u00e3o termos acertado. Se voc\u00ea n\u00e3o aproveita as chances, voc\u00ea acaba pagando o cansa\u00e7o. (&#8230;) No segundo tempo, sa\u00edmos bem da press\u00e3o, por isso n\u00e3o atribuo isso (resultado) \u00e0 f\u00e1diga&#8221;, avaliou.<br \/>\nO Barcelona volta a campo no pr\u00f3ximo s\u00e1bado (17), diante do Valladolid, no Camp Nou, pela 24\u00aa rodada do Espanhol.<br \/>\n<strong>FONTE:<\/strong> SITE UOL<\/p>\n","protected":false},"excerpt":{"rendered":"<p>Ap\u00f3s o\u00a0empate sem gols do Barcelona contra o Athletic\u00a0Bilbao\u00a0neste domingo (10), o t\u00e9cnico Ernesto Valderde\u00a0minimizou o novo trope\u00e7o do time [&hellip;]<\/p>\n","protected":false},"author":1,"featured_media":29154,"comment_status":"open","ping_status":"open","sticky":false,"template":"","format":"standard","meta":{"footnotes":""},"categories":[348,351],"tags":[],"class_list":["post-29153","post","type-post","status-publish","format-standard","has-post-thumbnail","hentry","category-esportes","category-internacional"],"_links":{"self":[{"href":"https:\/\/pageup-solutions.com\/sitenoticiasvc1\/wp-json\/wp\/v2\/posts\/29153","targetHints":{"allow":["GET"]}}],"collection":[{"href":"https:\/\/pageup-solutions.com\/sitenoticiasvc1\/wp-json\/wp\/v2\/posts"}],"about":[{"href":"https:\/\/pageup-solutions.com\/sitenoticiasvc1\/wp-json\/wp\/v2\/types\/post"}],"author":[{"embeddable":true,"href":"https:\/\/pageup-solutions.com\/sitenoticiasvc1\/wp-json\/wp\/v2\/users\/1"}],"replies":[{"embeddable":true,"href":"https:\/\/pageup-solutions.com\/sitenoticiasvc1\/wp-json\/wp\/v2\/comments?post=29153"}],"version-history":[{"count":0,"href":"https:\/\/pageup-solutions.com\/sitenoticiasvc1\/wp-json\/wp\/v2\/posts\/29153\/revisions"}],"wp:featuredmedia":[{"embeddable":true,"href":"https:\/\/pageup-solutions.com\/sitenoticiasvc1\/wp-json\/wp\/v2\/media\/29154"}],"wp:attachment":[{"href":"https:\/\/pageup-solutions.com\/sitenoticiasvc1\/wp-json\/wp\/v2\/media?parent=29153"}],"wp:term":[{"taxonomy":"category","embeddable":true,"href":"https:\/\/pageup-solutions.com\/sitenoticiasvc1\/wp-json\/wp\/v2\/categories?post=29153"},{"taxonomy":"post_tag","embeddable":true,"href":"https:\/\/pageup-solutions.com\/sitenoticiasvc1\/wp-json\/wp\/v2\/tags?post=29153"}],"curies":[{"name":"wp","href":"https:\/\/api.w.org\/{rel}","templated":true}]}}