{"id":29161,"date":"2019-02-17T09:41:56","date_gmt":"2019-02-17T12:41:56","guid":{"rendered":"https:\/\/pageup-solutions.com\/sitenoticiasv11\/?p=29161"},"modified":"2019-02-17T09:41:56","modified_gmt":"2019-02-17T12:41:56","slug":"sbt-exclui-leo-dias-da-cobertura-do-carnaval-mas-depois-volta-atras","status":"publish","type":"post","link":"https:\/\/pageup-solutions.com\/sitenoticiasvc1\/sbt-exclui-leo-dias-da-cobertura-do-carnaval-mas-depois-volta-atras\/","title":{"rendered":"SBT exclui L\u00e9o Dias da cobertura do Carnaval, mas depois volta atr\u00e1s"},"content":{"rendered":"<div class=\"pos-texto\">\n<div class=\"texto\">\n<p style=\"text-align: justify;\">Para preservar um funcion\u00e1rio com problema de v\u00edcio em drogas e tentar impedir que ele frequente um ambiente favor\u00e1vel a entorpecentes, a dire\u00e7\u00e3o do SBT havia decidido excluir L\u00e9o Dias da cobertura do Carnaval de Salvador.<\/p>\n<p style=\"text-align: justify;\">L\u00e9o \u00e9 adicto confesso em coca\u00edna, est\u00e1 sob tratamento h\u00e1 meses e teve uma reca\u00edda no in\u00edcio deste m\u00eas, o que o fez pedir afastamento do &#8220;Fofocalizando&#8221; por alguns dias.<\/p>\n<p style=\"text-align: justify;\">Ele \u00e9 o principal apresentador e fornecedor de conte\u00fado exclusivo do programa, que vem obtendo um ibope bem razo\u00e1vel, entre 5 e 7 pontos na Grande S\u00e3o Paulo, segundo dados consolidados da Kantar Ibope Media, obtidos pela coluna por terceiros.<\/p>\n<p style=\"text-align: justify;\">Para um evento como o Carnaval, cheio de celebridades, seria\u00a0 um grande desfalque para a emissora de Silvio Santos, j\u00e1 que ele \u00e9 um dos jornalistas brasileiros com mais contatos junto a famosos. No fim de mar\u00e7o, inclusive, ele lan\u00e7a a biografia da cantora Anitta.<\/p>\n<p style=\"text-align: justify;\">No in\u00edcio do ano, L\u00e9o fora avisado que estaria na cobertura. Depois da reca\u00edda, optou-se em poup\u00e1-lo e a coluna apurou que Fernando Pelegio, executivo do SBT, foi o maior defensor da exclus\u00e3o dele da cobertura de Carnaval. Pelegio foi procurado pela coluna para comentar o assunto, mas n\u00e3o respondeu.<\/p>\n<h3 style=\"text-align: justify;\"><strong>JOGADA<\/strong><\/h3>\n<p style=\"text-align: justify;\">Em mar\u00e7o do ano ano passado, o SBT avisou aos representantes do Carnaval baiano que n\u00e3o mais transmitiria a festa. A coluna obteve a informa\u00e7\u00e3o \u00e0 \u00e9poca junto a fontes baianas.<\/p>\n<p style=\"text-align: justify;\">A &#8220;vers\u00e3o&#8221; divulgada \u00e0 \u00e9poca apontava que o SBT passaria a se dedicar \u00e0 cobertura do carnaval dos bloquinhos em S\u00e3o Paulo.<\/p>\n<p style=\"text-align: justify;\">A &#8220;amea\u00e7a&#8221; na verdade foi uma bela jogada comercial, j\u00e1 que a emissora conseguiu este ano um incremento financeiro maior e melhor infraestrutura para a cobertura da festa em Salvador.<\/p>\n<\/div>\n<\/div>\n<div id=\"comentarios\" class=\"box-comentarios\">\n<div class=\"tt-comentarios\" style=\"text-align: justify;\"><strong>FONTE:<\/strong> SITE UOL<\/div>\n<\/div>\n","protected":false},"excerpt":{"rendered":"<p>Para preservar um funcion\u00e1rio com problema de v\u00edcio em drogas e tentar impedir que ele frequente um ambiente favor\u00e1vel a [&hellip;]<\/p>\n","protected":false},"author":1,"featured_media":29162,"comment_status":"open","ping_status":"open","sticky":false,"template":"","format":"standard","meta":{"footnotes":""},"categories":[347,352],"tags":[],"class_list":["post-29161","post","type-post","status-publish","format-standard","has-post-thumbnail","hentry","category-entretenimento","category-noticias"],"_links":{"self":[{"href":"https:\/\/pageup-solutions.com\/sitenoticiasvc1\/wp-json\/wp\/v2\/posts\/29161","targetHints":{"allow":["GET"]}}],"collection":[{"href":"https:\/\/pageup-solutions.com\/sitenoticiasvc1\/wp-json\/wp\/v2\/posts"}],"about":[{"href":"https:\/\/pageup-solutions.com\/sitenoticiasvc1\/wp-json\/wp\/v2\/types\/post"}],"author":[{"embeddable":true,"href":"https:\/\/pageup-solutions.com\/sitenoticiasvc1\/wp-json\/wp\/v2\/users\/1"}],"replies":[{"embeddable":true,"href":"https:\/\/pageup-solutions.com\/sitenoticiasvc1\/wp-json\/wp\/v2\/comments?post=29161"}],"version-history":[{"count":0,"href":"https:\/\/pageup-solutions.com\/sitenoticiasvc1\/wp-json\/wp\/v2\/posts\/29161\/revisions"}],"wp:featuredmedia":[{"embeddable":true,"href":"https:\/\/pageup-solutions.com\/sitenoticiasvc1\/wp-json\/wp\/v2\/media\/29162"}],"wp:attachment":[{"href":"https:\/\/pageup-solutions.com\/sitenoticiasvc1\/wp-json\/wp\/v2\/media?parent=29161"}],"wp:term":[{"taxonomy":"category","embeddable":true,"href":"https:\/\/pageup-solutions.com\/sitenoticiasvc1\/wp-json\/wp\/v2\/categories?post=29161"},{"taxonomy":"post_tag","embeddable":true,"href":"https:\/\/pageup-solutions.com\/sitenoticiasvc1\/wp-json\/wp\/v2\/tags?post=29161"}],"curies":[{"name":"wp","href":"https:\/\/api.w.org\/{rel}","templated":true}]}}