{"id":29168,"date":"2019-02-17T09:52:29","date_gmt":"2019-02-17T12:52:29","guid":{"rendered":"https:\/\/pageup-solutions.com\/sitenoticiasv11\/?p=29168"},"modified":"2019-02-17T09:52:29","modified_gmt":"2019-02-17T12:52:29","slug":"mae-de-filha-de-10-anos-de-latino-volta-a-acusa-lo-de-nao-pagar-pensao","status":"publish","type":"post","link":"https:\/\/pageup-solutions.com\/sitenoticiasvc1\/mae-de-filha-de-10-anos-de-latino-volta-a-acusa-lo-de-nao-pagar-pensao\/","title":{"rendered":"M\u00e3e de filha de 10 anos de Latino volta a acus\u00e1-lo de n\u00e3o pagar pens\u00e3o"},"content":{"rendered":"<p style=\"text-align: justify;\">O cantor Latino voltou a se envolver numa nova pol\u00eamica sobre pens\u00e3o aliment\u00edcia. Desta vez, quem acusa o artista de n\u00e3o pagar os ordenados \u00e0 filha, Ana Julia, de 10 anos, \u00e9 a m\u00e3e da menina, a cabeleireira Neusimar Consendei. Segundo ela, as d\u00edvidas s\u00e3o referentes aos meses de outubro, novembro e dezembro do ano passado e janeiro e fevereiro deste ano. A menina vive com a m\u00e3e em Minas Gerais e s\u00f3 conhece o pai pelas redes sociais e programas de TV.<\/p>\n<p style=\"text-align: justify;\">&#8220;S\u00e3o cinco meses de pens\u00f5es atrasadas. Al\u00e9m de n\u00e3o participar em nada da vida da filha, \u00e9 sempre uma luta para conseguir receber as pens\u00f5es, e ele n\u00e3o para de ostentar&#8221;, desabafa Neusimar.<\/p>\n<p style=\"text-align: justify;\">Ela afirma ainda que Latino n\u00e3o cumpriu o acordo que eles fizeram no ano passado para que o cantor n\u00e3o fosse preso por conta da pens\u00e3o aliment\u00edcia que estava atrasada.<\/p>\n<blockquote>\n<p style=\"text-align: justify;\">&#8220;Aceitei o acordo para ele n\u00e3o ser preso, e at\u00e9 hoje ele n\u00e3o cumpriu. Ele s\u00f3 pagou a metade da parcela, que venceu em maio do ano passado&#8221;, afirma ela. &#8220;As pens\u00f5es v\u00e3o acumulando e, quando ele paga, n\u00e3o d\u00e1 para nada, porque j\u00e1 estamos devendo. Trabalho muito, mas, infelizmente, n\u00e3o dou conta de suprir todas as necessidades dela sozinha&#8221;.<\/p>\n<\/blockquote>\n<p style=\"text-align: justify;\">A cabeleireira diz ainda que Latino nunca se interessou em conhecer a filha e que chegou a mandar o convite do anivers\u00e1rio da menina, mas que ele, segundo ela, sequer desejou os parab\u00e9ns para a garota.<\/p>\n<p style=\"text-align: justify;\">&#8220;Depois que mandei o convite de aniversaria da Ana, e ele nem os parab\u00e9ns mandou. Ele nunca a viu, s\u00f3 por foto, e n\u00e3o teve o interesse de conhecer a menina. J\u00e1 cansei de mandar mensagem para secretaria dele e nada. Sei que um pai de verdade ele n\u00e3o \u00e9, mas preciso e quero Justi\u00e7a, pois eu e outras m\u00e3es, al\u00e9m de sermos pai e m\u00e3e na vida deles, ainda temos que nos preocupar sozinhas com todos os custos. Isso n\u00e3o \u00e9 justo&#8221;.<\/p>\n<p style=\"text-align: justify;\">Neusimar e Latino se conheceram durante um show dele na cidade em que ela morava. Passaram a noite juntos, e ela engravidou. A paternidade da menina foi reconhecida atrav\u00e9s de um exame de DNA em 2017.<\/p>\n<h3 style=\"text-align: justify;\"><strong>Atraso na pens\u00e3o de outro filho<\/strong><\/h3>\n<p style=\"text-align: justify;\">Pai de novo filhos, Latino tamb\u00e9m foi acusado de n\u00e3o pagar a pens\u00e3o de Matheus, de 6 anos, do relacionamento com a modelo Jack Blandy. Em um texto publicado no Facebook em dezembro, a m\u00e3e do menino afirmou que o cantor \u00e9 um &#8220;pai ausente&#8221; e que s\u00f3 paga pens\u00e3o uma vez por ano&#8221;, quando est\u00e1 correndo o risco de ser preso. Jaque tamb\u00e9m disse que o filho que teve com Latino n\u00e3o tem o nome do pai em sua certid\u00e3o de nascimento.<\/p>\n","protected":false},"excerpt":{"rendered":"<p>O cantor Latino voltou a se envolver numa nova pol\u00eamica sobre pens\u00e3o aliment\u00edcia. Desta vez, quem acusa o artista de [&hellip;]<\/p>\n","protected":false},"author":1,"featured_media":29169,"comment_status":"open","ping_status":"open","sticky":false,"template":"","format":"standard","meta":{"footnotes":""},"categories":[343,347],"tags":[],"class_list":["post-29168","post","type-post","status-publish","format-standard","has-post-thumbnail","hentry","category-destaque","category-entretenimento"],"_links":{"self":[{"href":"https:\/\/pageup-solutions.com\/sitenoticiasvc1\/wp-json\/wp\/v2\/posts\/29168","targetHints":{"allow":["GET"]}}],"collection":[{"href":"https:\/\/pageup-solutions.com\/sitenoticiasvc1\/wp-json\/wp\/v2\/posts"}],"about":[{"href":"https:\/\/pageup-solutions.com\/sitenoticiasvc1\/wp-json\/wp\/v2\/types\/post"}],"author":[{"embeddable":true,"href":"https:\/\/pageup-solutions.com\/sitenoticiasvc1\/wp-json\/wp\/v2\/users\/1"}],"replies":[{"embeddable":true,"href":"https:\/\/pageup-solutions.com\/sitenoticiasvc1\/wp-json\/wp\/v2\/comments?post=29168"}],"version-history":[{"count":0,"href":"https:\/\/pageup-solutions.com\/sitenoticiasvc1\/wp-json\/wp\/v2\/posts\/29168\/revisions"}],"wp:featuredmedia":[{"embeddable":true,"href":"https:\/\/pageup-solutions.com\/sitenoticiasvc1\/wp-json\/wp\/v2\/media\/29169"}],"wp:attachment":[{"href":"https:\/\/pageup-solutions.com\/sitenoticiasvc1\/wp-json\/wp\/v2\/media?parent=29168"}],"wp:term":[{"taxonomy":"category","embeddable":true,"href":"https:\/\/pageup-solutions.com\/sitenoticiasvc1\/wp-json\/wp\/v2\/categories?post=29168"},{"taxonomy":"post_tag","embeddable":true,"href":"https:\/\/pageup-solutions.com\/sitenoticiasvc1\/wp-json\/wp\/v2\/tags?post=29168"}],"curies":[{"name":"wp","href":"https:\/\/api.w.org\/{rel}","templated":true}]}}