{"id":29179,"date":"2019-02-17T10:01:59","date_gmt":"2019-02-17T13:01:59","guid":{"rendered":"https:\/\/pageup-solutions.com\/sitenoticiasv11\/?p=29179"},"modified":"2019-02-17T10:01:59","modified_gmt":"2019-02-17T13:01:59","slug":"lenda-dos-palcos-atriz-e-cantora-bibi-ferreira-morre-aos-96-anos","status":"publish","type":"post","link":"https:\/\/pageup-solutions.com\/sitenoticiasvc1\/lenda-dos-palcos-atriz-e-cantora-bibi-ferreira-morre-aos-96-anos\/","title":{"rendered":"Lenda dos palcos, atriz e cantora Bibi Ferreira morre aos 96 anos"},"content":{"rendered":"<p style=\"text-align: justify;\">A cantora e atriz Bibi Ferreira morreu\u00a0nesta quarta-feira (13), em casa, no Rio de Janeiro, ap\u00f3s sofrer uma\u00a0parada card\u00edaca, aos 96 anos.<\/p>\n<p style=\"text-align: justify;\">Segundo o produtor Nilson Raman, que trabalhou\u00a0com Bibi nos \u00faltimos 28 anos, ela j\u00e1 estava acamada e reclamou de falta de ar \u00e0\u00a0enfermeira no in\u00edcio desta\u00a0tarde, por volta das 13h, e morreu em seguida. &#8220;Foi de uma forma tranquila.&#8221;<\/p>\n<p style=\"text-align: justify;\">Ao longo da \u00faltima d\u00e9cada, a atriz e\u00a0cantora vinha se apresentando emespet\u00e1culos que retratavam sua pr\u00f3pria trajet\u00f3ria.<\/p>\n<p style=\"text-align: justify;\">A plateia lotada riu muito. Ent\u00e3o com 90 anos, a atriz, reza a lenda teatral, havia estreado no palco ainda beb\u00ea, aos 24 dias, na pe\u00e7a \u201cManh\u00e3 de Sol\u201d, da companhia em que trabalhava seu pai, o lend\u00e1rio ator Proc\u00f3pio Ferreira (1898-1979).<\/p>\n<p style=\"text-align: justify;\">Seu primeiro personagem propriamente teatral foi Mirandolina, de \u201cLa Locandiera\u201d, de Goldoni, em 1941. Tr\u00eas anos depois, com o teatro brasileiro em fase de moderniza\u00e7\u00e3o, j\u00e1 tinha sua pr\u00f3pria companhia, por onde passaram iniciantes como Cacilda Becker.<\/p>\n<p style=\"text-align: justify;\">No final dos anos 1940, depois de um per\u00edodo de estudos na prestigiosa Royal Academy of Dramatic Art, em Londres, estreou tamb\u00e9m como diretora, o que faria ao longo da carreira, montando de brasileiros como Nelson Rodrigues a cl\u00e1ssicos.<\/p>\n<p style=\"text-align: justify;\">Uma pe\u00e7a em que trabalhou como atriz e para a qual retornou depois como diretora, em seguidas remontagens que lembravam o maior sucesso de Proc\u00f3pio, que ela sempre tratou carinhosamente como \u201cpapai\u201d, foi \u201cDeus lhe Pague\u201d, de Joracy Camargo.<\/p>\n<p style=\"text-align: justify;\">Defensora do teatro como of\u00edcio, a exigir dedica\u00e7\u00e3o e t\u00e9cnica, Bibi se orgulhava da voz, que lhe permitia ser ouvida por toda a sala, sem microfone, nos maiores teatros. Os espet\u00e1culos que mais marcaram a sua trajet\u00f3ria foram todos musicais.<\/p>\n<p style=\"text-align: justify;\">Ela passou a priorizar o g\u00eanero na d\u00e9cada de 1960. Um dos espet\u00e1culos que trouxe de Nova York foi \u201cMy Fair Lady\u201d, em 1964, junto com\u00a0PauloAutran, ator que voltaria a dividir o palco com ela no musical \u201cO Homem de La Mancha\u201d, de 1972.<\/p>\n<p style=\"text-align: justify;\">Seu maior personagem, Edith Piaf, nasceu de outra pe\u00e7a da Broadway, que acabou se concentrando nas can\u00e7\u00f5es, na adapta\u00e7\u00e3o dirigida por Fl\u00e1vio Rangel. Estreou em 1983 e ficou sete temporadas em cartaz, voltando em cenas pontuais de outros espet\u00e1culos.<\/p>\n<p style=\"text-align: justify;\">Mas \u00e9 um musical criado em 1975 por Chico Buarque e Paulo Pontes, ent\u00e3o seu marido, que ela recordava com mais carinho \u2014a ponto de considerar \u201cGota D\u2019\u00c1gua\u201d, adapta\u00e7\u00e3o de \u201cMedeia\u201d para uma comunidade carioca, \u201ca maior obra da dramaturgia nacional\u201d.<\/p>\n<p style=\"text-align: justify;\">Nos \u00faltimos cinco anos, apresentou-se tr\u00eas vezes em Nova York cantando Frank Sinatra. De acordo com seu produtor, Nilson\u00a0Raman,\u00a0sempre para plateias lotadas. &#8220;Ela nunca foi coadjuvante.&#8221;<\/p>\n<p style=\"text-align: justify;\">A \u00faltima vez que pisou no palco foi em dezembro de 2017, no teatro Oi Casa Grande, no Rio, quando gravou um especial\u00a0para a TV Brasil intitulado &#8220;Toda a Minha Vida&#8221;.\u00a0Em setembro de 2018, Bibi anunciou sua aposentadoria dos palcos.<\/p>\n<p style=\"text-align: justify;\">Embora admiradora da Broadway, Bibi defendia com persist\u00eancia o teatro brasileiro. Um de seus \u00faltimos projetos, que n\u00e3o conseguiu viabilizar, foi um espet\u00e1culo de revista com orquestra, coristas e luxo, para uma gera\u00e7\u00e3o que s\u00f3 conhece musical americano, hoje.<\/p>\n<p style=\"text-align: justify;\">Deixa a filha, Teresa Cristina.<\/p>\n<p style=\"text-align: justify;\">No v\u00eddeo abaixo, de 2015, ela canta no Tom Brasil, em S\u00e3o Paulo, no espet\u00e1culo\u00a0&#8220;4xBibi&#8221;, em comemora\u00e7\u00e3o de seus 75 anos de carreira.<\/p>\n<p style=\"text-align: justify;\">Em mar\u00e7o deste ano, sai a terceira edi\u00e7\u00e3o de sua fotobiografia e um \u00e1lbum com Bibi interpretando can\u00e7\u00f5es de Sinatra, pelo\u00a0selo\u00a0Biscoito Fino. Ainda sem data, tamb\u00e9m est\u00e1 previsto o lan\u00e7amento de um CD e DVD do especial &#8220;Toda a Minha Vida&#8221;.<\/p>\n<p><strong>FONTE:<\/strong> Jornal Folha de SP<\/p>\n","protected":false},"excerpt":{"rendered":"<p>A cantora e atriz Bibi Ferreira morreu\u00a0nesta quarta-feira (13), em casa, no Rio de Janeiro, ap\u00f3s sofrer uma\u00a0parada card\u00edaca, aos [&hellip;]<\/p>\n","protected":false},"author":1,"featured_media":29180,"comment_status":"open","ping_status":"open","sticky":false,"template":"","format":"standard","meta":{"footnotes":""},"categories":[347],"tags":[],"class_list":["post-29179","post","type-post","status-publish","format-standard","has-post-thumbnail","hentry","category-entretenimento"],"_links":{"self":[{"href":"https:\/\/pageup-solutions.com\/sitenoticiasvc1\/wp-json\/wp\/v2\/posts\/29179","targetHints":{"allow":["GET"]}}],"collection":[{"href":"https:\/\/pageup-solutions.com\/sitenoticiasvc1\/wp-json\/wp\/v2\/posts"}],"about":[{"href":"https:\/\/pageup-solutions.com\/sitenoticiasvc1\/wp-json\/wp\/v2\/types\/post"}],"author":[{"embeddable":true,"href":"https:\/\/pageup-solutions.com\/sitenoticiasvc1\/wp-json\/wp\/v2\/users\/1"}],"replies":[{"embeddable":true,"href":"https:\/\/pageup-solutions.com\/sitenoticiasvc1\/wp-json\/wp\/v2\/comments?post=29179"}],"version-history":[{"count":0,"href":"https:\/\/pageup-solutions.com\/sitenoticiasvc1\/wp-json\/wp\/v2\/posts\/29179\/revisions"}],"wp:featuredmedia":[{"embeddable":true,"href":"https:\/\/pageup-solutions.com\/sitenoticiasvc1\/wp-json\/wp\/v2\/media\/29180"}],"wp:attachment":[{"href":"https:\/\/pageup-solutions.com\/sitenoticiasvc1\/wp-json\/wp\/v2\/media?parent=29179"}],"wp:term":[{"taxonomy":"category","embeddable":true,"href":"https:\/\/pageup-solutions.com\/sitenoticiasvc1\/wp-json\/wp\/v2\/categories?post=29179"},{"taxonomy":"post_tag","embeddable":true,"href":"https:\/\/pageup-solutions.com\/sitenoticiasvc1\/wp-json\/wp\/v2\/tags?post=29179"}],"curies":[{"name":"wp","href":"https:\/\/api.w.org\/{rel}","templated":true}]}}