{"id":29191,"date":"2019-02-17T10:25:39","date_gmt":"2019-02-17T13:25:39","guid":{"rendered":"https:\/\/pageup-solutions.com\/sitenoticiasv11\/?p=29191"},"modified":"2019-02-17T10:25:39","modified_gmt":"2019-02-17T13:25:39","slug":"guedes-indica-economista-do-banco-mundial-para-presidencia-do-ibge","status":"publish","type":"post","link":"https:\/\/pageup-solutions.com\/sitenoticiasvc1\/guedes-indica-economista-do-banco-mundial-para-presidencia-do-ibge\/","title":{"rendered":"Guedes indica economista do Banco Mundial para presid\u00eancia do IBGE"},"content":{"rendered":"<p>A economista do Banco Mundial Susana Cordeiro ser\u00e1 a nova presidente do IBGE (Instituto Brasileiro de Geografia e Estat\u00edstica). Especialista em reforma do Estado e na moderniza\u00e7\u00e3o da gest\u00e3o do setor p\u00fablico, ela teve o nome indicado pelo ministro da Economia, Paulo Guedes, para comandar o \u00f3rg\u00e3o, que coleta dados e divulga as principais estat\u00edsticas do pa\u00eds, como \u00edndices de infla\u00e7\u00e3o e de atividade econ\u00f4mica.<br \/>\nCom mestrado na Universidade de Harvard e PhD em ci\u00eancia pol\u00edtica pelo Instituto de Tecnologia de Massachusetts, Susana Cordeiro trabalhou com governos na \u00c1sia, na \u00c1frica e na Am\u00e9rica Latina.<br \/>\nSusana tem uma s\u00e9rie de publica\u00e7\u00f5es sobre moderniza\u00e7\u00e3o do Estado, descentraliza\u00e7\u00e3o fiscal e administrativa, educa\u00e7\u00e3o e fortalecimento da capacidade organizacional do setor p\u00fablico.<br \/>\nNo Brasil, a economista atuou como pesquisadora visitante em \u00f3rg\u00e3os p\u00fablicos e institui\u00e7\u00f5es de ensino, como Ipea (Instituto de Pesquisa Econ\u00f4mica Aplicada), FGV (Funda\u00e7\u00e3o Getulio Vargas) e na PUC-Rio (Pontif\u00edcia Universidade Cat\u00f3lica do Rio).<br \/>\nEntre os indicadores divulgados pelo IBGE, est\u00e3o a infla\u00e7\u00e3o oficial pelo IPCA (\u00cdndice Nacional de Pre\u00e7os ao Consumidor Amplo); a Pesquisa Nacional por Amostra de Domic\u00edlios Cont\u00ednua, que inclui a taxa de desemprego, e as Contas Nacionais Trimestrais, que revelam a varia\u00e7\u00e3o do Produto Interno Bruto (PIB, soma de tudo o que o pa\u00eds produz).<br \/>\n<strong>FONTE:<\/strong> SITE R7<\/p>\n","protected":false},"excerpt":{"rendered":"<p>A economista do Banco Mundial Susana Cordeiro ser\u00e1 a nova presidente do IBGE (Instituto Brasileiro de Geografia e Estat\u00edstica). Especialista [&hellip;]<\/p>\n","protected":false},"author":1,"featured_media":29192,"comment_status":"open","ping_status":"open","sticky":false,"template":"","format":"standard","meta":{"footnotes":""},"categories":[344],"tags":[],"class_list":["post-29191","post","type-post","status-publish","format-standard","has-post-thumbnail","hentry","category-economia"],"_links":{"self":[{"href":"https:\/\/pageup-solutions.com\/sitenoticiasvc1\/wp-json\/wp\/v2\/posts\/29191","targetHints":{"allow":["GET"]}}],"collection":[{"href":"https:\/\/pageup-solutions.com\/sitenoticiasvc1\/wp-json\/wp\/v2\/posts"}],"about":[{"href":"https:\/\/pageup-solutions.com\/sitenoticiasvc1\/wp-json\/wp\/v2\/types\/post"}],"author":[{"embeddable":true,"href":"https:\/\/pageup-solutions.com\/sitenoticiasvc1\/wp-json\/wp\/v2\/users\/1"}],"replies":[{"embeddable":true,"href":"https:\/\/pageup-solutions.com\/sitenoticiasvc1\/wp-json\/wp\/v2\/comments?post=29191"}],"version-history":[{"count":0,"href":"https:\/\/pageup-solutions.com\/sitenoticiasvc1\/wp-json\/wp\/v2\/posts\/29191\/revisions"}],"wp:featuredmedia":[{"embeddable":true,"href":"https:\/\/pageup-solutions.com\/sitenoticiasvc1\/wp-json\/wp\/v2\/media\/29192"}],"wp:attachment":[{"href":"https:\/\/pageup-solutions.com\/sitenoticiasvc1\/wp-json\/wp\/v2\/media?parent=29191"}],"wp:term":[{"taxonomy":"category","embeddable":true,"href":"https:\/\/pageup-solutions.com\/sitenoticiasvc1\/wp-json\/wp\/v2\/categories?post=29191"},{"taxonomy":"post_tag","embeddable":true,"href":"https:\/\/pageup-solutions.com\/sitenoticiasvc1\/wp-json\/wp\/v2\/tags?post=29191"}],"curies":[{"name":"wp","href":"https:\/\/api.w.org\/{rel}","templated":true}]}}