{"id":29217,"date":"2019-06-17T11:51:33","date_gmt":"2019-06-17T14:51:33","guid":{"rendered":"https:\/\/pageup-solutions.com\/sitenoticiasv11\/?p=29217"},"modified":"2019-06-17T11:51:33","modified_gmt":"2019-06-17T14:51:33","slug":"advogado-de-najila-neymar-se-complicou-apos-depoimento","status":"publish","type":"post","link":"https:\/\/pageup-solutions.com\/sitenoticiasvc1\/advogado-de-najila-neymar-se-complicou-apos-depoimento\/","title":{"rendered":"Advogado de Najila: Neymar se complicou ap\u00f3s depoimento"},"content":{"rendered":"<p>A modelo Najila Trindade tem um novo advogado na acusa\u00e7\u00e3o de estupro contra Neymar. Cosme Ara\u00fajo Santos, criminalista da Bahia, assumiu o caso oficialmente nesta sexta-feira ap\u00f3s receber procura\u00e7\u00e3o assinada pela modelo. Ele \u00e9 amigo do pai de Najila, que mora na Bahia.<br \/>\nCosme est\u00e1 tentando adiar dois julgamentos dos quais vai participar para marcar sua viagem a S\u00e3o Paulo, o que deve acontecer na semana que vem. Ele afirma que ainda n\u00e3o teve acesso ao inqu\u00e9rito e que tamb\u00e9m n\u00e3o viu o v\u00eddeo de sete minutos que teria imagens do segundo encontro entre Neymar e Najila. &#8220;Eu n\u00e3o poderia ver porque estou entrando no caso agora. Ontem, ela assinou a procura\u00e7\u00e3o. N\u00e3o tive acesso a nenhum inqu\u00e9rito. Posso adiantar que existem fortes ind\u00edcios de que algu\u00e9m ganhou dinheiro usando o nome dela. N\u00e3o estou fazendo afirma\u00e7\u00e3o, estou dizendo que existem fortes ind\u00edcios&#8221;, afirmou em entrevista exclusiva ao\u00a0<strong>Estado.<\/strong><\/p>\n<p class=\"text\">Cosme aconselhou\u00a0<strong>Najila a gravar um v\u00eddeo para esclarecer seu posicionamento sobre a a\u00e7\u00e3o da pol\u00edcia\u00a0<\/strong>no caso. A modelo relatou um suposto arrombamento do seu apartamento, no qual um tablet com imagens do seu segundo encontro com Neymar teria sido roubado. Ao ser questionada no SBT sobre o resultado da investiga\u00e7\u00e3o, que encontrou apenas digitais da modelo e da empregada no apartamento, Najila afirmou: &#8220;\u00c9, mas a pol\u00edcia est\u00e1 comprada, n\u00e9? Ou eu estou louca?&#8221; A afirma\u00e7\u00e3o gerou grande repercuss\u00e3o negativa e, inclusive, um Boletim de Ocorr\u00eancia por difama\u00e7\u00e3o.<\/p>\n<p class=\"text\">&#8220;Ela vai dizer que a coloca\u00e7\u00e3o dela foi mal interpretada, como se tivesse afirmado. Ela vai dizer que, se a interpreta\u00e7\u00e3o, ainda que equivocada, ofendeu as pessoas, ela pede desculpas. N\u00e3o pelo que disse, mas pela interpreta\u00e7\u00e3o equivocada. N\u00e3o tem problema pedir desculpas, pois ela n\u00e3o teve inten\u00e7\u00e3o nenhuma de atingir a honra de ningu\u00e9m&#8221;.<\/p>\n<h2><strong>Depoimento de Neymar<\/strong><\/h2>\n<p class=\"text\">O defensor avalia que Neymar se complicou ainda mais ap\u00f3s o depoimento concedido na quinta-feira. &#8220;Na minha opini\u00e3o, ele se complicou ainda mais ao confessar que bateu a pedido dela. Por que \u00e9 temos de acreditar na palavra dele contra a palavra de uma pessoa que foi lapeada na pancada? Por que a palavra dela tem menos valor do que a dele? Por que ele \u00e9 famoso e tem dinheiro? Por que ele pega duas aeronaves, um jatinho e um helic\u00f3ptero, parecendo um popstar, um papa?&#8221;, questionou o advogado.<\/p>\n<p class=\"text\">&#8220;Se for por isso, para mim n\u00e3o tem Justi\u00e7a. O que n\u00f3s buscamos \u00e9 a verdade. N\u00e3o podem tentar desqualificar uma mo\u00e7a humilde, do interior da Bahia, de fam\u00edlia pobre e que vive uma vida comum. S\u00f3 por ser uma mulher bonita, eles acham que pode ser usada como objeto&#8221;, concluiu ao\u00a0<strong>Estado<\/strong>.<\/p>\n<p class=\"text\">Cosme Ara\u00fajo Santos \u00e9 o\u00a0<strong>quarto advogado a assumir o caso pelo lado de Najila<\/strong>. Jos\u00e9 Edgard Bueno, Yasmin Abdalla e Danilo Garcia de Andrade deixaram a defesa da modelo anteriormente. O primeiro advogado afirmou que Najila n\u00e3o havia mencionado estupro nas conversas, apenas agress\u00e3o. Yasmin Abdalla assumiu o caso, mas decidiu apenas oferecer apoio pessoal e indicou Danilo Garcia, especialista na \u00e1rea.<\/p>\n<p class=\"text\">Na \u00faltima segunda-feira, Danilo deixou o caso alegando que havia sido acusado pela pr\u00f3pria modelo de roubar um tablet e, por quebra de confian\u00e7a, n\u00e3o poderia continuar no caso. O objeto \u00e9 pe\u00e7a importante na investiga\u00e7\u00e3o, pois armazenaria imagens do segundo encontro com Neymar que foram gravadas pela modelo.<\/p>\n<p>&nbsp;<\/p>\n","protected":false},"excerpt":{"rendered":"<p>A modelo Najila Trindade tem um novo advogado na acusa\u00e7\u00e3o de estupro contra Neymar. Cosme Ara\u00fajo Santos, criminalista da Bahia, [&hellip;]<\/p>\n","protected":false},"author":1,"featured_media":29218,"comment_status":"open","ping_status":"open","sticky":false,"template":"","format":"standard","meta":{"footnotes":""},"categories":[353],"tags":[],"class_list":["post-29217","post","type-post","status-publish","format-standard","has-post-thumbnail","hentry","category-policia"],"_links":{"self":[{"href":"https:\/\/pageup-solutions.com\/sitenoticiasvc1\/wp-json\/wp\/v2\/posts\/29217","targetHints":{"allow":["GET"]}}],"collection":[{"href":"https:\/\/pageup-solutions.com\/sitenoticiasvc1\/wp-json\/wp\/v2\/posts"}],"about":[{"href":"https:\/\/pageup-solutions.com\/sitenoticiasvc1\/wp-json\/wp\/v2\/types\/post"}],"author":[{"embeddable":true,"href":"https:\/\/pageup-solutions.com\/sitenoticiasvc1\/wp-json\/wp\/v2\/users\/1"}],"replies":[{"embeddable":true,"href":"https:\/\/pageup-solutions.com\/sitenoticiasvc1\/wp-json\/wp\/v2\/comments?post=29217"}],"version-history":[{"count":0,"href":"https:\/\/pageup-solutions.com\/sitenoticiasvc1\/wp-json\/wp\/v2\/posts\/29217\/revisions"}],"wp:featuredmedia":[{"embeddable":true,"href":"https:\/\/pageup-solutions.com\/sitenoticiasvc1\/wp-json\/wp\/v2\/media\/29218"}],"wp:attachment":[{"href":"https:\/\/pageup-solutions.com\/sitenoticiasvc1\/wp-json\/wp\/v2\/media?parent=29217"}],"wp:term":[{"taxonomy":"category","embeddable":true,"href":"https:\/\/pageup-solutions.com\/sitenoticiasvc1\/wp-json\/wp\/v2\/categories?post=29217"},{"taxonomy":"post_tag","embeddable":true,"href":"https:\/\/pageup-solutions.com\/sitenoticiasvc1\/wp-json\/wp\/v2\/tags?post=29217"}],"curies":[{"name":"wp","href":"https:\/\/api.w.org\/{rel}","templated":true}]}}