{"id":29220,"date":"2019-06-17T11:59:46","date_gmt":"2019-06-17T14:59:46","guid":{"rendered":"https:\/\/pageup-solutions.com\/sitenoticiasv11\/?p=29220"},"modified":"2019-06-17T11:59:46","modified_gmt":"2019-06-17T14:59:46","slug":"suspeito-de-matar-rafael-miguel-de-chiquititas-tinha-ciume-da-filha","status":"publish","type":"post","link":"https:\/\/pageup-solutions.com\/sitenoticiasvc1\/suspeito-de-matar-rafael-miguel-de-chiquititas-tinha-ciume-da-filha\/","title":{"rendered":"Suspeito de matar Rafael Miguel, de \u201cChiquititas\u201d, tinha ci\u00fame da filha"},"content":{"rendered":"<p>A Pol\u00edcia Civil em S\u00e3o Paulo faz buscas por Paulo Cupertino Matias, de 48 anos, apontado como\u00a0principal suspeito de matar o ex-ator mirim\u00a0<strong>Rafael Miguel<\/strong>, de 22 anos, e seus pais, na porta da casa da namorada do jovem, neste domingo (9). Uma imagem dele circula na internet como forma de aux\u00edlio \u00e0s buscas do foragido.<br \/>\nSegundo informa\u00e7\u00f5es do jornalista Luiz Bacci, Paulo teria ci\u00fames de Isabela Tibcherani, de 18 anos. Ela presenciou o crime. \u201c<em>Paulo fugiu ap\u00f3s os disparos e cometeu o crime por ci\u00fames da filha. A menina era obrigada a ficar trancada em casa e a n\u00e3o se relacionar com outras pessoas<\/em>\u201c, disse Bacci, com base em informa\u00e7\u00f5es de pessoas ligadas \u00e0 fam\u00edlia.<br \/>\nRafael chegava \u00e0 casa de Isabela com os pais, Jo\u00e3o Alcisio Miguel, de 52 anos, e Miriam Selma Miguel, de 50, ap\u00f3s a garota sentir-se mal ao longo da manh\u00e3. \u201c[Isabela] r<em>ecebeu a visita e o carinho do namorado e dos sogros. Segundo testemunhas, Paulo n\u00e3o gostou e atirou nos tr\u00eas em S\u00e3o Paulo<\/em>\u201c, afirmou o \u00e2ncora da Record.<br \/>\nOs tr\u00eas foram alvejados e morreram na hora; em seguida, o suspeito fugiu. O caso foi registrado como homic\u00eddio consumado no 98\u00ba Distrito Policial de S\u00e3o Paulo. Uma imagem do suspeito, divulgada pela pol\u00edcia, foi republicada por Bacci.<br \/>\nFONTE: Site Terra\/RD1<\/p>\n","protected":false},"excerpt":{"rendered":"<p>A Pol\u00edcia Civil em S\u00e3o Paulo faz buscas por Paulo Cupertino Matias, de 48 anos, apontado como\u00a0principal suspeito de matar [&hellip;]<\/p>\n","protected":false},"author":1,"featured_media":29221,"comment_status":"open","ping_status":"open","sticky":false,"template":"","format":"standard","meta":{"footnotes":""},"categories":[353],"tags":[],"class_list":["post-29220","post","type-post","status-publish","format-standard","has-post-thumbnail","hentry","category-policia"],"_links":{"self":[{"href":"https:\/\/pageup-solutions.com\/sitenoticiasvc1\/wp-json\/wp\/v2\/posts\/29220","targetHints":{"allow":["GET"]}}],"collection":[{"href":"https:\/\/pageup-solutions.com\/sitenoticiasvc1\/wp-json\/wp\/v2\/posts"}],"about":[{"href":"https:\/\/pageup-solutions.com\/sitenoticiasvc1\/wp-json\/wp\/v2\/types\/post"}],"author":[{"embeddable":true,"href":"https:\/\/pageup-solutions.com\/sitenoticiasvc1\/wp-json\/wp\/v2\/users\/1"}],"replies":[{"embeddable":true,"href":"https:\/\/pageup-solutions.com\/sitenoticiasvc1\/wp-json\/wp\/v2\/comments?post=29220"}],"version-history":[{"count":0,"href":"https:\/\/pageup-solutions.com\/sitenoticiasvc1\/wp-json\/wp\/v2\/posts\/29220\/revisions"}],"wp:featuredmedia":[{"embeddable":true,"href":"https:\/\/pageup-solutions.com\/sitenoticiasvc1\/wp-json\/wp\/v2\/media\/29221"}],"wp:attachment":[{"href":"https:\/\/pageup-solutions.com\/sitenoticiasvc1\/wp-json\/wp\/v2\/media?parent=29220"}],"wp:term":[{"taxonomy":"category","embeddable":true,"href":"https:\/\/pageup-solutions.com\/sitenoticiasvc1\/wp-json\/wp\/v2\/categories?post=29220"},{"taxonomy":"post_tag","embeddable":true,"href":"https:\/\/pageup-solutions.com\/sitenoticiasvc1\/wp-json\/wp\/v2\/tags?post=29220"}],"curies":[{"name":"wp","href":"https:\/\/api.w.org\/{rel}","templated":true}]}}