{"id":29225,"date":"2019-06-17T12:17:28","date_gmt":"2019-06-17T15:17:28","guid":{"rendered":"https:\/\/pageup-solutions.com\/sitenoticiasv11\/?p=29225"},"modified":"2019-06-17T12:17:28","modified_gmt":"2019-06-17T15:17:28","slug":"condenado-por-posse-ilegal-de-arma-agricultor-cita-presidente-em-defesa-bolsonaro-disse-que-pessoas-de-bem-poderiam-ter","status":"publish","type":"post","link":"https:\/\/pageup-solutions.com\/sitenoticiasvc1\/condenado-por-posse-ilegal-de-arma-agricultor-cita-presidente-em-defesa-bolsonaro-disse-que-pessoas-de-bem-poderiam-ter\/","title":{"rendered":"Condenado por posse ilegal de arma, agricultor cita presidente em defesa"},"content":{"rendered":"<blockquote><p>&#8216;Bolsonaro disse que pessoas de bem poderiam ter armas&#8217;<\/p><\/blockquote>\n<p>Por volta das 21h10 do dia 10 de fevereiro, dois policiais militares entraram na casa do agricultor Shigueo Shimura, na cidade paulista de Lut\u00e9cia, a 492 km da capital.<\/p>\n<p class=\"text\">Pouco antes, Shimura havia disparado para o ch\u00e3o com uma espingarda, calibre 38 Special, marca Amadeo Rossi. O barulho chamou a aten\u00e7\u00e3o de vizinhos, que acionaram a pol\u00edcia acreditando que algo de grave poderia ter acontecido na casa.<\/p>\n<p>Com o agricultor, os policiais dizem ter encontrado quatro cartuchos de muni\u00e7\u00e3o, al\u00e9m da arma &#8211; tudo ilegal.<\/p>\n<p class=\"text\">Pouco mais de dois meses depois, quando era julgado por posse ilegal de arma de fogo e muni\u00e7\u00e3o, Shimura confessou o crime, mas justificou sua conduta: &#8220;Bolsonaro disse que pessoas de bem poderiam ter uma arma&#8221;, afirmou.<\/p>\n<p class=\"text\">O juiz Tiago Tadeu Santos Coelho n\u00e3o considerou a justificativa e condenou Shimura a tr\u00eas anos de pris\u00e3o por posse irregular de arma de fogo e muni\u00e7\u00e3o, al\u00e9m de disparar em um local habitado.<\/p>\n<p class=\"text\">&#8220;O argumento de que o erro decorreu de m\u00e1 interpreta\u00e7\u00e3o das palavras do presidente da Rep\u00fablica n\u00e3o afasta a ilicitude de sua conduta&#8221;, escreveu o magistrado.<\/p>\n<h2><strong>De onde veio a arma?<\/strong><\/h2>\n<figure id=\"attachment_29227\" aria-describedby=\"caption-attachment-29227\" style=\"width: 940px\" class=\"wp-caption aligncenter\"><img loading=\"lazy\" decoding=\"async\" class=\"wp-image-29227 size-full\" src=\"https:\/\/pageup-solutions.com\/sitenoticiasvc1\/wp-content\/uploads\/104183560balas.jpg\" alt=\"\" width=\"940\" height=\"529\" srcset=\"https:\/\/pageup-solutions.com\/sitenoticiasvc1\/wp-content\/uploads\/104183560balas.jpg 940w, https:\/\/pageup-solutions.com\/sitenoticiasvc1\/wp-content\/uploads\/104183560balas-300x169.jpg 300w, https:\/\/pageup-solutions.com\/sitenoticiasvc1\/wp-content\/uploads\/104183560balas-768x432.jpg 768w, https:\/\/pageup-solutions.com\/sitenoticiasvc1\/wp-content\/uploads\/104183560balas-640x360.jpg 640w\" sizes=\"auto, (max-width: 940px) 100vw, 940px\" \/><figcaption id=\"caption-attachment-29227\" class=\"wp-caption-text\">Em janeiro, o presidente Jair Bolsonaro flexibilizou a posse de armas de fogo para moradores de \u00e1reas rurais &#8211; Foto: Getty Images \/ BBC News Brasil<\/figcaption><\/figure>\n<p class=\"text\">O disparo efetuado por Shimura foi na dire\u00e7\u00e3o do ch\u00e3o. Uma testemunha afirmou que, ao chegar na casa, viu o agricultou segurando a arma. Ela teria disparado acidentalmente.<\/p>\n<p class=\"text\">Shimura confessou que estava testando a espingarda quando houve o disparo.<\/p>\n<p class=\"text\">Na Justi\u00e7a, o agricultor confessou que estava negociando a compra da espingarda de um sobrinho por R$ 4 mil. Fez isso depois de saber pela imprensa que o presidente Jair Bolsonaro (PSL) havia liberado a posse de armas para moradores de \u00e1reas rurais, como ele.<\/p>\n<p class=\"text\">Shimura argumentou que n\u00e3o tinha conhecimento de que, para possuir uma arma de fogo, \u00e9 preciso seguir uma legisla\u00e7\u00e3o espec\u00edfica.<\/p>\n<p class=\"text\">Segundo o advogado Jo\u00e3o Antonio Alvares Martines, o agricultor \u00e9 descendente de japoneses e morava no pa\u00eds asi\u00e1tico at\u00e9 recentemente. Depois, ao voltar ao Brasil, comprou um terreno na cidade de Lut\u00e9cia, onde vive com a fam\u00edlia criando bois.<\/p>\n<p class=\"text\">A BBC News Brasil n\u00e3o conseguiu contat\u00e1-lo.<\/p>\n<p class=\"text\">&#8220;Ele ouviu que agora pode ter uma arma dentro de sua propriedade rural. Surgiu essa oportunidade de comprar por um valor menor, e ele resolveu comprar para dar mais seguran\u00e7a para a fam\u00edlia&#8221;, disse Martines.<\/p>\n<p class=\"text\">&#8220;Ele \u00e9 uma pessoa que nasceu e cresceu na zona rural, depois saiu do pa\u00eds e voltou. Sem muita informa\u00e7\u00e3o, ele acreditou na TV e achou que, como \u00e9 uma pessoa de bem, poderia comprar uma arma assim mesmo&#8221;, afirmou Martines.<\/p>\n<h2><strong>Decretos de Bolsonaro sobre armas<\/strong><\/h2>\n<figure id=\"attachment_29228\" aria-describedby=\"caption-attachment-29228\" style=\"width: 940px\" class=\"wp-caption aligncenter\"><img loading=\"lazy\" decoding=\"async\" class=\"wp-image-29228 size-full\" src=\"https:\/\/pageup-solutions.com\/sitenoticiasvc1\/wp-content\/uploads\/106912086wdolabr07051915208.jpg\" alt=\"\" width=\"940\" height=\"529\" srcset=\"https:\/\/pageup-solutions.com\/sitenoticiasvc1\/wp-content\/uploads\/106912086wdolabr07051915208.jpg 940w, https:\/\/pageup-solutions.com\/sitenoticiasvc1\/wp-content\/uploads\/106912086wdolabr07051915208-300x169.jpg 300w, https:\/\/pageup-solutions.com\/sitenoticiasvc1\/wp-content\/uploads\/106912086wdolabr07051915208-768x432.jpg 768w, https:\/\/pageup-solutions.com\/sitenoticiasvc1\/wp-content\/uploads\/106912086wdolabr07051915208-640x360.jpg 640w\" sizes=\"auto, (max-width: 940px) 100vw, 940px\" \/><figcaption id=\"caption-attachment-29228\" class=\"wp-caption-text\">Bolsonaro assinou novo decreto para flexibilizar regras sobre armas no dia 7 de maio &#8211; Foto: WILSON DIAS\/AG\u00caNCIA BRASIL \/ BBC News Brasil<\/figcaption><\/figure>\n<p class=\"text\">Em janeiro, Bolsonaro assinou decreto tornando mais brandas as regras para posse de armas de fogo no pa\u00eds. O texto permite aos cidad\u00e3os residentes em \u00e1reas urbanas e rurais possam manter armas em casa, desde que cumpridos os requisitos de &#8220;efetiva necessidade&#8221;. Cada pedido \u00e9 avaliado pela Pol\u00edcia Federal.<\/p>\n<p class=\"text\">Em maio, por meio de outro decreto, o presidente flexibilizou o porte de armas (quando o cidad\u00e3o pode transportar o objeto). O texto amplia em muito as atuais condi\u00e7\u00f5es que autorizam o porte. As medidas inclu\u00eddas facilitam que certos profissionais &#8211; como advogados, caminhoneiros e pol\u00edticos eleitos, por exemplo &#8211; portem armas de fogo carregadas.<\/p>\n<p class=\"text\">O texto tamb\u00e9m aumenta o n\u00famero de muni\u00e7\u00f5es que podem ser compradas por cidad\u00e3os que tenham autoriza\u00e7\u00e3o.<\/p>\n<h2><strong>&#8216;N\u00e3o trouxe risco para a comunidade&#8217;<\/strong><\/h2>\n<p class=\"text\">Shigueo Shimura era r\u00e9u prim\u00e1rio, n\u00e3o tinha antecedentes crimininais antes da condena\u00e7\u00e3o. Em tese, ele poderia seguir o novo decreto de Bolsonaro e ter posse de uma arma de forma legal. Mas preferiu recorrer a um sobrinho.<\/p>\n<p class=\"text\">Pelas circunst\u00e2ncias, o agricultor n\u00e3o ser\u00e1 recolhido a estabelecimento prisional &#8211; ele pagar\u00e1 uma multa e poder\u00e1 cumprir a pena em liberdade.<\/p>\n<p class=\"text\">O juiz refutou o argumento da defesa de que Shimura n\u00e3o sabia que precisava seguir a legisla\u00e7\u00e3o para ter uma espingarda. &#8220;Ningu\u00e9m pode alegar desconhecimento da lei para n\u00e3o cumpri-la&#8221;, escreveu o magistrado. Ele estipulou uma multa e determinou que a pena seja cumprida em liberdade.<\/p>\n<p class=\"text\">Nessa semana, o advogado Martines recorreu da decis\u00e3o judicial, pedindo absolvi\u00e7\u00e3o de seu cliente.<\/p>\n<p class=\"text\">&#8220;N\u00e3o existiu dolo, ele n\u00e3o teve a inten\u00e7\u00e3o de prejudicar ningu\u00e9m. Ele acabou mexendo na arma, testando, e ela disparou. Foi um disparo involunt\u00e1rio e acidental, n\u00e3o trouxe risco para a comunidade&#8221;, disse.<\/p>\n","protected":false},"excerpt":{"rendered":"<p>&#8216;Bolsonaro disse que pessoas de bem poderiam ter armas&#8217; Por volta das 21h10 do dia 10 de fevereiro, dois policiais [&hellip;]<\/p>\n","protected":false},"author":1,"featured_media":29226,"comment_status":"open","ping_status":"open","sticky":false,"template":"","format":"standard","meta":{"footnotes":""},"categories":[353],"tags":[],"class_list":["post-29225","post","type-post","status-publish","format-standard","has-post-thumbnail","hentry","category-policia"],"_links":{"self":[{"href":"https:\/\/pageup-solutions.com\/sitenoticiasvc1\/wp-json\/wp\/v2\/posts\/29225","targetHints":{"allow":["GET"]}}],"collection":[{"href":"https:\/\/pageup-solutions.com\/sitenoticiasvc1\/wp-json\/wp\/v2\/posts"}],"about":[{"href":"https:\/\/pageup-solutions.com\/sitenoticiasvc1\/wp-json\/wp\/v2\/types\/post"}],"author":[{"embeddable":true,"href":"https:\/\/pageup-solutions.com\/sitenoticiasvc1\/wp-json\/wp\/v2\/users\/1"}],"replies":[{"embeddable":true,"href":"https:\/\/pageup-solutions.com\/sitenoticiasvc1\/wp-json\/wp\/v2\/comments?post=29225"}],"version-history":[{"count":0,"href":"https:\/\/pageup-solutions.com\/sitenoticiasvc1\/wp-json\/wp\/v2\/posts\/29225\/revisions"}],"wp:featuredmedia":[{"embeddable":true,"href":"https:\/\/pageup-solutions.com\/sitenoticiasvc1\/wp-json\/wp\/v2\/media\/29226"}],"wp:attachment":[{"href":"https:\/\/pageup-solutions.com\/sitenoticiasvc1\/wp-json\/wp\/v2\/media?parent=29225"}],"wp:term":[{"taxonomy":"category","embeddable":true,"href":"https:\/\/pageup-solutions.com\/sitenoticiasvc1\/wp-json\/wp\/v2\/categories?post=29225"},{"taxonomy":"post_tag","embeddable":true,"href":"https:\/\/pageup-solutions.com\/sitenoticiasvc1\/wp-json\/wp\/v2\/tags?post=29225"}],"curies":[{"name":"wp","href":"https:\/\/api.w.org\/{rel}","templated":true}]}}