{"id":29233,"date":"2019-02-17T12:27:54","date_gmt":"2019-02-17T15:27:54","guid":{"rendered":"https:\/\/pageup-solutions.com\/sitenoticiasv11\/?p=29233"},"modified":"2019-02-17T12:27:54","modified_gmt":"2019-02-17T15:27:54","slug":"ricardo-boechat-jornalista-morre-aos-66-anos-em-queda-de-helicoptero-em-sp","status":"publish","type":"post","link":"https:\/\/pageup-solutions.com\/sitenoticiasvc1\/ricardo-boechat-jornalista-morre-aos-66-anos-em-queda-de-helicoptero-em-sp\/","title":{"rendered":"Ricardo Boechat, jornalista, morre aos 66 anos em queda de helic\u00f3ptero em SP"},"content":{"rendered":"<p>O jornalista estava em helic\u00f3ptero que caiu na Rodovia Anhanguera, em S\u00e3o Paulo, e bateu na parte dianteira de um caminh\u00e3o que transitava pela via.\u00a0O piloto Ronaldo Quattrucci tamb\u00e9m morreu no acidente.<\/p>\n<p data-track-category=\"Link no Texto\" data-track-links=\"\">Ele era apresentador do Jornal da Band e da r\u00e1dio BandNews FM e colunista da revista &#8220;Isto\u00c9&#8221;. Ele trabalhou nos jornais \u201cO Globo\u201d, \u201cO Dia\u201d, \u201cO Estado de S. Paulo\u201d e \u201cJornal do Brasil\u201d.<\/p>\n<p data-track-category=\"Link no Texto\" data-track-links=\"\">Na d\u00e9cada de 1990, teve uma coluna di\u00e1ria no &#8220;Bom Dia Brasil&#8221;, na TV Globo, e tamb\u00e9m trabalhou no &#8220;Jornal da Globo&#8221;. Foi ainda diretor de jornalismo da Band e teve passagem pelo SBT.<\/p>\n<p data-track-category=\"Link no Texto\" data-track-links=\"\">Ele ganhou tr\u00eas vezes o Pr\u00eamio Esso, um dos principais do jornalismo brasileiro.<\/p>\n<h3>Perfil<\/h3>\n<p>Filho de diplomata, Ricardo Eug\u00eanio Boechat nasceu em 13 de julho de 1952, em Buenos Aires. O pai estava a servi\u00e7o do Minist\u00e9rio das Rela\u00e7\u00f5es Exteriores na Argentina.<\/p>\n<p data-track-category=\"Link no Texto\" data-track-links=\"\">Boechat era recordista de vit\u00f3rias no Pr\u00eamio Comunique-se \u2013 e o \u00fanico a ganhar em tr\u00eas categorias diferentes (\u00c2ncora de R\u00e1dio, Colunista de Not\u00edcia e \u00c2ncora de TV).<\/p>\n<p data-track-category=\"Link no Texto\" data-track-links=\"\">Em pesquisa do site Jornalistas &amp; Cia em 2014, que listou cem profissionais do setor, Boechat foi eleito o jornalista mais admirado. Boechat lan\u00e7ou em 1998 o livro \u201cCopacabana Palace \u2013 Um hotel e sua hist\u00f3ria\u201d (DBA).<\/p>\n<p data-track-category=\"Link no Texto\" data-track-links=\"\">O jornalista deixa a mulher, Veruska, e seis filhos.<\/p>\n<h3>Come\u00e7o da carreira<\/h3>\n<p data-track-category=\"Link no Texto\" data-track-links=\"\">Boechat come\u00e7ou a trabalhar assim que deixou a escola, na virada de 1969 para 1970, ap\u00f3s um per\u00edodo de milit\u00e2ncia em que fez parte do quadro de base do Partido Comunista em Niter\u00f3i (RJ). O pai de uma amiga, que era diretor comercial do &#8220;Di\u00e1rio de Not\u00edcias&#8221;, foi quem o convidou.<\/p>\n<p data-track-category=\"Link no Texto\" data-track-links=\"\">&#8220;Se me perguntar fazendo o qu\u00ea, eu, nada, olhando, juntando um papel, \u00e0s vezes at\u00e9 limpando a mesa, n\u00e3o que algu\u00e9m me pedisse isso, n\u00e3o&#8221;, comentou ao site Mem\u00f3ria Globo.<\/p>\n<p data-track-category=\"Link no Texto\" data-track-links=\"\">&#8220;Note que eu mal batia \u00e0 m\u00e1quina, n\u00e3o tinha no\u00e7\u00e3o de rigorosamente nada. Tinha morado a vida inteira em Niter\u00f3i. O Rio de Janeiro para mim era o exterior&#8221;. Um de seus primeiros textos foi uma nota exclusiva sobre Pel\u00e9, que lhe garantiu mais espa\u00e7o no jornal.<\/p>\n<p data-track-category=\"Link no Texto\" data-track-links=\"\">Depois, Boechat passou a escrever na coluna de Ibrahim Sued (1924-1995), no mesmo &#8220;Di\u00e1rio de Not\u00edcias&#8221;. Ele considerava o per\u00edodo de 14 anos em que trabalhou com Sued como decisivo para sua &#8220;forma\u00e7\u00e3o como rep\u00f3rter&#8221;.<\/p>\n<p data-track-category=\"Link no Texto\" data-track-links=\"\">&#8220;Eu pude ter uma escola na qual a doutrina era procurar informa\u00e7\u00f5es, e por tr\u00e1s de mim o primeiro e maior dos pitbulls que eu j\u00e1 conheci, que era ele, rosnando no meu ouvido 24 horas por dia.&#8221;<\/p>\n<p data-track-category=\"Link no Texto\" data-track-links=\"\">Boechat saiu em 1983, quando a coluna j\u00e1 era publicada em &#8220;O Globo&#8221;, ap\u00f3s uma briga com o titular. Mudou-se, ent\u00e3o, para o &#8220;Jornal do Brasil&#8221;, a convite do concorrente Z\u00f3zimo Barroso do Amaral, tendo retornado a &#8220;O Globo&#8221; pouco depois, na coluna &#8220;Swann&#8221;.<\/p>\n<p data-track-category=\"Link no Texto\" data-track-links=\"\">Em uma segunda passagem pelo jornal, que durou at\u00e9 2001, foi titular de uma coluna que levava o seu nome.<\/p>\n<p data-track-category=\"Link no Texto\" data-track-links=\"\">Em pesquisa do site Jornalistas &amp; Cia em 2014, que listou cem profissionais do setor, Boechat foi eleito o jornalista mais admirado.<\/p>\n<p data-track-category=\"Link no Texto\" data-track-links=\"\">Boechat deu uma palestra a representantes da ind\u00fastria farmac\u00eautica em Campinas, no interior do estado, na manh\u00e3 desta segunda e retornava a S\u00e3o Paulo por volta das 12h. Ele deveria pousar no heliponto da Band, no Morumbi, Zona Sul da capital paulista.<\/p>\n<h3>An\u00fancio na Band<\/h3>\n<p data-track-category=\"Link no Texto\" data-track-links=\"\">&#8220;Com profundo pesar, desses quase 50 anos de jornalismo, cabe a mim informar a voc\u00eas que o jornalista, amigo, pai de fam\u00edlia, companheiro, que na \u00faltima quarta, que eu vim aqui apresentar o jornal, me deu um beijo no rosto, fingido que ia cochichar alguma coisa, e, no fim, brincalh\u00e3o como ele era, falou: &#8216;\u00c9, boc\u00e3o, eu s\u00f3 queria te dar um beijo&#8217;. Queria informar aos senhores que o maior \u00e2ncora da televis\u00e3o brasileira, o Ricardo Boechat, morreu hoje num acidente de helic\u00f3ptero, no Rodoanel, aqui em S\u00e3o Paulo&#8221;.<\/p>\n","protected":false},"excerpt":{"rendered":"<p>O jornalista estava em helic\u00f3ptero que caiu na Rodovia Anhanguera, em S\u00e3o Paulo, e bateu na parte dianteira de um [&hellip;]<\/p>\n","protected":false},"author":1,"featured_media":29234,"comment_status":"open","ping_status":"open","sticky":false,"template":"","format":"standard","meta":{"footnotes":""},"categories":[343,352,353],"tags":[],"class_list":["post-29233","post","type-post","status-publish","format-standard","has-post-thumbnail","hentry","category-destaque","category-noticias","category-policia"],"_links":{"self":[{"href":"https:\/\/pageup-solutions.com\/sitenoticiasvc1\/wp-json\/wp\/v2\/posts\/29233","targetHints":{"allow":["GET"]}}],"collection":[{"href":"https:\/\/pageup-solutions.com\/sitenoticiasvc1\/wp-json\/wp\/v2\/posts"}],"about":[{"href":"https:\/\/pageup-solutions.com\/sitenoticiasvc1\/wp-json\/wp\/v2\/types\/post"}],"author":[{"embeddable":true,"href":"https:\/\/pageup-solutions.com\/sitenoticiasvc1\/wp-json\/wp\/v2\/users\/1"}],"replies":[{"embeddable":true,"href":"https:\/\/pageup-solutions.com\/sitenoticiasvc1\/wp-json\/wp\/v2\/comments?post=29233"}],"version-history":[{"count":0,"href":"https:\/\/pageup-solutions.com\/sitenoticiasvc1\/wp-json\/wp\/v2\/posts\/29233\/revisions"}],"wp:featuredmedia":[{"embeddable":true,"href":"https:\/\/pageup-solutions.com\/sitenoticiasvc1\/wp-json\/wp\/v2\/media\/29234"}],"wp:attachment":[{"href":"https:\/\/pageup-solutions.com\/sitenoticiasvc1\/wp-json\/wp\/v2\/media?parent=29233"}],"wp:term":[{"taxonomy":"category","embeddable":true,"href":"https:\/\/pageup-solutions.com\/sitenoticiasvc1\/wp-json\/wp\/v2\/categories?post=29233"},{"taxonomy":"post_tag","embeddable":true,"href":"https:\/\/pageup-solutions.com\/sitenoticiasvc1\/wp-json\/wp\/v2\/tags?post=29233"}],"curies":[{"name":"wp","href":"https:\/\/api.w.org\/{rel}","templated":true}]}}