{"id":29236,"date":"2019-02-17T12:57:15","date_gmt":"2019-02-17T15:57:15","guid":{"rendered":"https:\/\/pageup-solutions.com\/sitenoticiasv11\/?p=29236"},"modified":"2019-02-17T12:57:15","modified_gmt":"2019-02-17T15:57:15","slug":"nicolas-maduro-apela-pela-paz-em-carta-dirigida-ao-povo-dos-eua","status":"publish","type":"post","link":"https:\/\/pageup-solutions.com\/sitenoticiasvc1\/nicolas-maduro-apela-pela-paz-em-carta-dirigida-ao-povo-dos-eua\/","title":{"rendered":"Nicol\u00e1s Maduro apela pela paz em carta dirigida ao povo dos EUA"},"content":{"rendered":"<p style=\"text-align: justify;\">O presidente da Venezuela, Nicol\u00e1s Maduro, assinou uma carta aberta dirigida ao povo dos Estados Unidos, nesta quinta-feira (7), com apelos pela paz em seu pa\u00eds e pedindo que o presidente americano, Donald Trump, tire suas &#8220;m\u00e3os&#8221; da Venezuela.<\/p>\n<p style=\"text-align: justify;\">&#8220;Acabo de assinar pela paz. Acabo de assinar pela soberania sagrada da Venezuela em apoio ao direito \u00e0 independ\u00eancia, \u00e0 autodetermina\u00e7\u00e3o&#8221;, disse, ap\u00f3s assinar a carta em um ato com simpatizantes no centro de Caracas.<\/p>\n<p style=\"text-align: justify;\">Maduro, no poder desde 2013, enfrenta o desafio do chefe do Parlamento, Juan Guaid\u00f3, que h\u00e1 15 dias disse ter assumido os poderes do Executivo como presidente encarregado, diante da &#8220;usurpa\u00e7\u00e3o&#8221;, considerada por ele, faz o l\u00edder chavista.<\/p>\n<p style=\"text-align: justify;\">No entanto, Maduro classificou esta iniciativa de um &#8220;show&#8221;, ao mesmo tempo que acusou os Estados Unidos de promove-la para propiciar uma mudan\u00e7a de regime no pa\u00eds sul-americano.<\/p>\n<p style=\"text-align: justify;\">Nesse sentido, na carta o governante alerta aos americanos na carta de que &#8220;os pr\u00f3ximos dias definir\u00e3o o futuro de nossos pa\u00edses entre guerra e paz&#8221;.<\/p>\n<p style=\"text-align: justify;\">&#8220;Seus representantes em Washington querem enviar \u00e0s nossas fronteiras o mesmo \u00f3dio que enviaram ao Vietn\u00e3, querem invadir a Venezuela como fizeram em nome da liberdade&#8221;, acrescenta o documento.<\/p>\n<p style=\"text-align: justify;\">Os Estados Unidos, que foram o primeiro pa\u00eds em reconhecer Guaid\u00f3 como presidente interino, lideram uma coaliz\u00e3o de pa\u00edses que levar\u00e1 ajuda humanit\u00e1ria para a Venezuela do Brasil, Col\u00f4mbia, e uma ilha do Caribe que n\u00e3o foi anunciada ainda.<\/p>\n<p style=\"text-align: justify;\">Maduro afirmou que a Venezuela n\u00e3o precisa dessa ajuda, e rejeita receb\u00ea-la argumentando que isso poderia levar a uma invas\u00e3o armada para produzir uma mudan\u00e7a de governo.<\/p>\n","protected":false},"excerpt":{"rendered":"<p>O presidente da Venezuela, Nicol\u00e1s Maduro, assinou uma carta aberta dirigida ao povo dos Estados Unidos, nesta quinta-feira (7), com [&hellip;]<\/p>\n","protected":false},"author":1,"featured_media":30733,"comment_status":"open","ping_status":"open","sticky":false,"template":"","format":"standard","meta":{"footnotes":""},"categories":[351,354],"tags":[],"class_list":["post-29236","post","type-post","status-publish","format-standard","has-post-thumbnail","hentry","category-internacional","category-politica"],"_links":{"self":[{"href":"https:\/\/pageup-solutions.com\/sitenoticiasvc1\/wp-json\/wp\/v2\/posts\/29236","targetHints":{"allow":["GET"]}}],"collection":[{"href":"https:\/\/pageup-solutions.com\/sitenoticiasvc1\/wp-json\/wp\/v2\/posts"}],"about":[{"href":"https:\/\/pageup-solutions.com\/sitenoticiasvc1\/wp-json\/wp\/v2\/types\/post"}],"author":[{"embeddable":true,"href":"https:\/\/pageup-solutions.com\/sitenoticiasvc1\/wp-json\/wp\/v2\/users\/1"}],"replies":[{"embeddable":true,"href":"https:\/\/pageup-solutions.com\/sitenoticiasvc1\/wp-json\/wp\/v2\/comments?post=29236"}],"version-history":[{"count":0,"href":"https:\/\/pageup-solutions.com\/sitenoticiasvc1\/wp-json\/wp\/v2\/posts\/29236\/revisions"}],"wp:featuredmedia":[{"embeddable":true,"href":"https:\/\/pageup-solutions.com\/sitenoticiasvc1\/wp-json\/wp\/v2\/media\/30733"}],"wp:attachment":[{"href":"https:\/\/pageup-solutions.com\/sitenoticiasvc1\/wp-json\/wp\/v2\/media?parent=29236"}],"wp:term":[{"taxonomy":"category","embeddable":true,"href":"https:\/\/pageup-solutions.com\/sitenoticiasvc1\/wp-json\/wp\/v2\/categories?post=29236"},{"taxonomy":"post_tag","embeddable":true,"href":"https:\/\/pageup-solutions.com\/sitenoticiasvc1\/wp-json\/wp\/v2\/tags?post=29236"}],"curies":[{"name":"wp","href":"https:\/\/api.w.org\/{rel}","templated":true}]}}