{"id":29763,"date":"2020-07-17T11:48:55","date_gmt":"2020-07-17T14:48:55","guid":{"rendered":"https:\/\/pageup-solutions.com\/sitenoticiasv12\/?p=29763"},"modified":"2020-07-17T11:48:55","modified_gmt":"2020-07-17T14:48:55","slug":"estudo-da-revista-nature-sugere-que-imunidade-contra-covid-19-pode-ser-duradoura","status":"publish","type":"post","link":"https:\/\/pageup-solutions.com\/sitenoticiasvc1\/estudo-da-revista-nature-sugere-que-imunidade-contra-covid-19-pode-ser-duradoura\/","title":{"rendered":"Estudo da revista Nature sugere que imunidade contra Covid-19 pode ser duradoura"},"content":{"rendered":"<p class=\"content-text__container \" style=\"text-align: justify;\" data-track-category=\"Link no Texto\" data-track-links=\"\">Uma pesquisa publicada nesta quarta-feira (15) na revista cient\u00edfica &#8220;Nature&#8221; aponta que o sistema de defesa do corpo humano pode ser capaz de &#8220;lembrar&#8221; da infec\u00e7\u00e3o pelo novo coronav\u00edrus (Sars-CoV-2) por um longo per\u00edodo de tempo.<\/p>\n<p class=\"content-text__container \" style=\"text-align: justify;\" data-track-category=\"Link no Texto\" data-track-links=\"\">A\u00a0descoberta\u00a0\u00e9 importante porque ajuda a entender por quanto tempo uma pessoa que j\u00e1 teve a doen\u00e7a causada pelo v\u00edrus, a Covid-19, fica imune a ela.\u00a0Isso ainda n\u00e3o foi entendido completamente pela ci\u00eancia.<\/p>\n<p class=\"content-text__container \" style=\"text-align: justify;\" data-track-category=\"Link no Texto\" data-track-links=\"\">Os pesquisadores, de v\u00e1rios institutos de\u00a0Singapura, analisaram amostras de 23 pessoas que se recuperaram da Sars (s\u00edndrome respirat\u00f3ria aguda grave), da pandemia de 2002 a 2003. Eles descobriram que um tipo de c\u00e9lulas de defesa, as c\u00e9lulas T, ainda \u00e9 capaz de reagir \u00e0 presen\u00e7a do v\u00edrus, mesmo 17 anos depois. Um estudo anterior j\u00e1 havia detectado a extens\u00e3o dessa capacidade at\u00e9 11 anos ap\u00f3s a exposi\u00e7\u00e3o.<\/p>\n<blockquote class=\"content-blockquote theme-border-color-primary-before\"><p>Segundo os cientistas, o achado apoia a ideia de que pacientes com Covid-19 ter\u00e3o imunidade a longo prazo para o Sars-CoV-2 \u2013 que, assim como o v\u00edrus da Sars, \u00e9 um betacoronav\u00edrus.<\/p><\/blockquote>\n<p style=\"text-align: justify;\">&#8220;Esses achados demonstram que as c\u00e9lulas T espec\u00edficas para v\u00edrus induzidas por infec\u00e7\u00e3o por betacoronanv\u00edrus s\u00e3o duradouras, apoiando a no\u00e7\u00e3o de que pacientes com COVID19 desenvolver\u00e3o imunidade a longo prazo por c\u00e9lulas T&#8221;, explicam os pesquisadores no estudo.<\/p>\n<p class=\"content-text__container \" style=\"text-align: justify;\" data-track-category=\"Link no Texto\" data-track-links=\"\">As c\u00e9lulas T s\u00e3o um bra\u00e7o da resposta imune do corpo e trabalham eliminando as c\u00e9lulas infectadas, preferencialmente por um v\u00edrus. Elas montam uma resposta imune que \u00e9 diferente da dos anticorpos (que funcionam melhor com bact\u00e9rias), detalha Nat\u00e1lia Pasternak, microbiologista e presidente do Instituto Quest\u00e3o de Ci\u00eancia.<\/p>\n<blockquote class=\"content-blockquote theme-border-color-primary-before\"><p>&#8220;As c\u00e9lulas T s\u00e3o essenciais para parasitas intracelulares, como o v\u00edrus. Elas reconhecem os parasitas que est\u00e3o dentro das c\u00e9lulas \u2013 diferente do que os anticorpos fazem, que reconhecem melhor bact\u00e9rias e parasitas que est\u00e3o do lado de fora&#8221;, diz Pasternak.<\/p><\/blockquote>\n<p class=\"content-text__container \" style=\"text-align: justify;\" data-track-category=\"Link no Texto\" data-track-links=\"\">As c\u00e9lulas T podem ter uma &#8220;mem\u00f3ria&#8221;, que tamb\u00e9m pode ser de curto ou longo prazo. No caso dos coronav\u00edrus que causam resfriados, por exemplo, explica Pasternak, ela \u00e9 curta. Ainda n\u00e3o se sabe por quanto tempo elas s\u00e3o capazes de &#8220;lembrar&#8221; do novo coronav\u00edrus, entretanto.<\/p>\n<p class=\"content-text__container \" style=\"text-align: justify;\" data-track-category=\"Link no Texto\" data-track-links=\"\">Entender mais sobre elas \u00e9 importante porque j\u00e1 h\u00e1 pesquisas apontando que os anticorpos criados contra a Covid-19, outra parte do sistema de defesa do corpo,\u00a0n\u00e3o duram muito tempo.<\/p>\n<p class=\"content-text__container \" style=\"text-align: justify;\" data-track-category=\"Link no Texto\" data-track-links=\"\">&#8220;A imunidade n\u00e3o \u00e9 composta s\u00f3 por anticorpos, a gente responde tamb\u00e9m atrav\u00e9s da pr\u00f3pria c\u00e9lula. Por isso eles foram investigar o papel das c\u00e9lulas T&#8221;, explica Nat\u00e1lia Machado Tavares, pesquisadora de imunologia e patologia da\u00a0Fiocruz\u00a0Bahia.<\/p>\n<blockquote class=\"content-blockquote theme-border-color-primary-before\"><p>&#8220;O anticorpo tem o que a gente chama de meia-vida, e a partir de um dado momento ele perde a fun\u00e7\u00e3o, vai ser degradado. Mas a imunidade tem essa fun\u00e7\u00e3o, esse papel, de guardar uma sub-popula\u00e7\u00e3o de c\u00e9lulas de mem\u00f3ria&#8221;, completa.<\/p><\/blockquote>\n<p class=\"content-text__container \" style=\"text-align: justify;\" data-track-category=\"Link no Texto\" data-track-links=\"\">O cientista Derek Lowe, que mant\u00e9m um blog na revista cient\u00edfica &#8220;Science&#8221; \u2013 que, junto com a &#8220;Nature&#8221;, \u00e9 uma das mais importantes do mundo \u2013, comentou que a descoberta sobre as c\u00e9lulas T pode resolver ajudar a resolver a quest\u00e3o dos anticorpos.<\/p>\n<p class=\"content-text__container \" style=\"text-align: justify;\" data-track-category=\"Link no Texto\" data-track-links=\"\">&#8220;Leva a acreditar que a imunidade guiada pelas c\u00e9lulas T talvez seja a maneira de reconciliar o aparente paradoxo entre respostas de anticorpos que parecem estar diminuindo a cada semana em pacientes convalescentes e poucos (se houver) relatos confi\u00e1veis de reinfec\u00e7\u00e3o. Seria realmente uma boa not\u00edcia&#8221;, avaliou.<\/p>\n<p class=\"content-text__container \" style=\"text-align: justify;\" data-track-category=\"Link no Texto\" data-track-links=\"\">No estudo, os pesquisadores tamb\u00e9m perceberam que as c\u00e9lulas que &#8220;lembravam&#8221; da primeira Sars\u00a0<strong>tamb\u00e9m reagiram a partes do novo coronav\u00edrus.<\/strong>\u00a0Isso, afirmaram, traz a possibilidade de que quem teve um v\u00edrus parecido com o novo coronav\u00edrus tenha alguma prote\u00e7\u00e3o contra a Covid-19.<\/p>\n<p class=\"content-text__container \" style=\"text-align: justify;\" data-track-category=\"Link no Texto\" data-track-links=\"\">&#8220;Nossas descobertas tamb\u00e9m levantam a possibilidade intrigante de que c\u00e9lulas T de longa dura\u00e7\u00e3o geradas ap\u00f3s a infec\u00e7\u00e3o por v\u00edrus relacionados possam proteger ou modificar a patologia causada pela infec\u00e7\u00e3o por Sars-CoV-2&#8221;, disseram.<\/p>\n<p class=\"content-text__container \" style=\"text-align: justify;\" data-track-category=\"Link no Texto\" data-track-links=\"\">Eles tamb\u00e9m acharam c\u00e9lulas T que conseguiam &#8220;reconhecer&#8221; partes do novo coronav\u00edrus em alguns pacientes que nunca tinham tido nem a Covid-19 nem a primeira Sars, de 2003. Isso aponta para a possibilidade de que as pessoas tivessem entrado em contato com outros tipos de v\u00edrus que induziram as c\u00e9lulas a formarem uma defesa cruzada, que tamb\u00e9m serviu, em parte, para o novo coronav\u00edrus.<\/p>\n<blockquote class=\"content-blockquote theme-border-color-primary-before\"><p>&#8220;Esta descoberta sugere que outros coronav\u00edrus atualmente desconhecidos, possivelmente de origem animal, podem induzir c\u00e9lulas T com rea\u00e7\u00e3o cruzada para o Sars-CoV-2 na popula\u00e7\u00e3o em geral&#8221;, disseram.<\/p><\/blockquote>\n<p class=\"content-text__container \" style=\"text-align: justify;\" data-track-category=\"Link no Texto\" data-track-links=\"\">Tavares, da Fiocruz Bahia, ressalta que esta \u00faltima rea\u00e7\u00e3o n\u00e3o ocorre mesma forma que nos pacientes que tiveram a Covid-19, ou at\u00e9 mesmo a primeira Sars. &#8220;O padr\u00e3o de resposta \u00e9 bem diferente. N\u00e3o \u00e9 todo mundo que responde&#8221;, diz.<\/p>\n<p class=\"content-text__container \" style=\"text-align: justify;\" data-track-category=\"Link no Texto\" data-track-links=\"\">Na pesquisa, os cientistas tamb\u00e9m pontuam a necessidade de mais estudos.<\/p>\n<p class=\"content-text__container \" style=\"text-align: justify;\" data-track-category=\"Link no Texto\" data-track-links=\"\">&#8220;Compreender a distribui\u00e7\u00e3o, frequ\u00eancia e capacidade de prote\u00e7\u00e3o de c\u00e9lulas T preexistentes com rea\u00e7\u00e3o cruzada ao Sars-CoV-2 preexistentes pode ser de grande import\u00e2ncia para explicar algumas das diferen\u00e7as nas taxas de infec\u00e7\u00e3o ou na patologia observada durante esta pandemia&#8221;, afirmaram os pesquisadores.<\/p>\n","protected":false},"excerpt":{"rendered":"<p>Uma pesquisa publicada nesta quarta-feira (15) na revista cient\u00edfica &#8220;Nature&#8221; aponta que o sistema de defesa do corpo humano pode [&hellip;]<\/p>\n","protected":false},"author":1,"featured_media":30060,"comment_status":"open","ping_status":"open","sticky":false,"template":"","format":"standard","meta":{"footnotes":""},"categories":[351,355],"tags":[],"class_list":["post-29763","post","type-post","status-publish","format-standard","has-post-thumbnail","hentry","category-internacional","category-saude"],"_links":{"self":[{"href":"https:\/\/pageup-solutions.com\/sitenoticiasvc1\/wp-json\/wp\/v2\/posts\/29763","targetHints":{"allow":["GET"]}}],"collection":[{"href":"https:\/\/pageup-solutions.com\/sitenoticiasvc1\/wp-json\/wp\/v2\/posts"}],"about":[{"href":"https:\/\/pageup-solutions.com\/sitenoticiasvc1\/wp-json\/wp\/v2\/types\/post"}],"author":[{"embeddable":true,"href":"https:\/\/pageup-solutions.com\/sitenoticiasvc1\/wp-json\/wp\/v2\/users\/1"}],"replies":[{"embeddable":true,"href":"https:\/\/pageup-solutions.com\/sitenoticiasvc1\/wp-json\/wp\/v2\/comments?post=29763"}],"version-history":[{"count":0,"href":"https:\/\/pageup-solutions.com\/sitenoticiasvc1\/wp-json\/wp\/v2\/posts\/29763\/revisions"}],"wp:featuredmedia":[{"embeddable":true,"href":"https:\/\/pageup-solutions.com\/sitenoticiasvc1\/wp-json\/wp\/v2\/media\/30060"}],"wp:attachment":[{"href":"https:\/\/pageup-solutions.com\/sitenoticiasvc1\/wp-json\/wp\/v2\/media?parent=29763"}],"wp:term":[{"taxonomy":"category","embeddable":true,"href":"https:\/\/pageup-solutions.com\/sitenoticiasvc1\/wp-json\/wp\/v2\/categories?post=29763"},{"taxonomy":"post_tag","embeddable":true,"href":"https:\/\/pageup-solutions.com\/sitenoticiasvc1\/wp-json\/wp\/v2\/tags?post=29763"}],"curies":[{"name":"wp","href":"https:\/\/api.w.org\/{rel}","templated":true}]}}