{"id":30750,"date":"2021-02-25T13:59:41","date_gmt":"2021-02-25T13:59:41","guid":{"rendered":"https:\/\/pageup-solutions.com\/sitenoticiasv13\/?p=30750"},"modified":"2021-02-25T13:59:41","modified_gmt":"2021-02-25T13:59:41","slug":"por-que-a-covid-19-pode-se-tornar-endemica-no-brasil-como-dengue-e-gripe","status":"publish","type":"post","link":"https:\/\/pageup-solutions.com\/sitenoticiasvc1\/por-que-a-covid-19-pode-se-tornar-endemica-no-brasil-como-dengue-e-gripe\/","title":{"rendered":"Por que a Covid-19 pode se tornar end\u00eamica no Brasil, como dengue e gripe"},"content":{"rendered":"<p style=\"text-align: justify;\">Mais de um ano depois de ter come\u00e7ado, a pandemia de Covid-19 ainda n\u00e3o d\u00e1 sinais de que v\u00e1 acabar em pouco tempo. Menos ainda no Brasil, onde seu controle \u00e9 prec\u00e1rio, com vacina\u00e7\u00e3o lenta, queda da ades\u00e3o \u00e0s medidas preventivas e omiss\u00e3o de agentes p\u00fablicos em implementar, estimular, controlar e fiscalizar o cumprimento de normas de distanciamento social. Al\u00e9m disso, para piorar a situa\u00e7\u00e3o, novas variantes do novo coronav\u00edrus v\u00eam surgindo e se espalhando pelo pa\u00eds. Por isso, embora seja dif\u00edcil prever, muitos especialistas acreditam que ela se estender\u00e1 pelo menos at\u00e9 2022.<\/p>\n<p style=\"text-align: justify;\">Mas n\u00e3o \u00e9 s\u00f3 isso. H\u00e1 grandes chance de a doen\u00e7a se tornar end\u00eamica, como a dengue e a gripe (influenza), por exemplo.<\/p>\n<p style=\"text-align: justify;\">Para o m\u00e9dico epidemiologista Guilherme Werneck, vice-presidente da Associa\u00e7\u00e3o Brasileira de Sa\u00fade Coletiva (Abrasco) e professor do Instituto de Medicina Social da Universidade Estadual do Rio de Janeiro (IMS\/Uerj), as condi\u00e7\u00f5es para o controle da epidemia no Brasil est\u00e3o muito prec\u00e1rias, por isso ela n\u00e3o dever\u00e1 acabar logo.<\/p>\n<blockquote>\n<p style=\"text-align: justify;\">&#8220;Faltam vacina, organiza\u00e7\u00e3o e lideran\u00e7a e sobra irresponsabilidade dos agentes p\u00fablicos&#8221;, critica.<\/p>\n<\/blockquote>\n<p style=\"text-align: justify;\">\n&#8220;Come\u00e7ando pelas a\u00e7\u00f5es de contrainforma\u00e7\u00e3o do governo federal, questionando a efetividade de m\u00e1scaras, vacinas e do distanciamento social, e estimulando o uso de medicamentos ineficazes para preven\u00e7\u00e3o e tratamento da Covid-19. \u00c9 poss\u00edvel, embora ainda num horizonte distante, que a Organiza\u00e7\u00e3o Mundial da Sa\u00fade (OMS) declare o fim da pandemia, mas o Brasil continue tendo que lidar com n\u00edveis inaceit\u00e1veis de transmiss\u00e3o.&#8221;<\/p>\n<p style=\"text-align: justify;\">O m\u00e9dico Pl\u00ednio Trabasso, da Faculdade de Ci\u00eancias M\u00e9dicas (FCM) da Unicamp, tamb\u00e9m prev\u00ea que a epidemia de Covid-19 no Brasil vai longe, principalmente porque a vacina\u00e7\u00e3o n\u00e3o est\u00e1 sendo feita de maneira maci\u00e7a, ampla e simult\u00e2nea.<\/p>\n<p style=\"text-align: justify;\">Desse modo, ainda h\u00e1 um grande contingente de pessoas suscet\u00edveis \u00e0 doen\u00e7a em circula\u00e7\u00e3o. &#8220;Para um controle mais r\u00e1pido, \u00e9 necess\u00e1rio que mais pessoas (idealmente todos os acima de 18 anos) sejam vacinadas logo&#8221;, diz. &#8220;Isso cria uma barreira imunol\u00f3gica \u00e0 dissemina\u00e7\u00e3o do v\u00edrus.&#8221;<\/p>\n<figure id=\"attachment_30751\" aria-describedby=\"caption-attachment-30751\" style=\"width: 640px\" class=\"wp-caption alignnone\"><img loading=\"lazy\" decoding=\"async\" class=\"size-medium wp-image-30751\" src=\"https:\/\/pageup-solutions.com\/sitenoticiasvX\/wp-content\/uploads\/2021\/02\/2-640x360.jpg\" alt=\"\" width=\"640\" height=\"360\" srcset=\"https:\/\/pageup-solutions.com\/sitenoticiasvc1\/wp-content\/uploads\/2-640x360.jpg 640w, https:\/\/pageup-solutions.com\/sitenoticiasvc1\/wp-content\/uploads\/2-300x169.jpg 300w, https:\/\/pageup-solutions.com\/sitenoticiasvc1\/wp-content\/uploads\/2-768x432.jpg 768w, https:\/\/pageup-solutions.com\/sitenoticiasvc1\/wp-content\/uploads\/2.jpg 984w\" sizes=\"auto, (max-width: 640px) 100vw, 640px\" \/><figcaption id=\"caption-attachment-30751\" class=\"wp-caption-text\">O mosquito Aedes aegypti \u00e9 o principal transmissor de dengue, zika e chikungunya em regi\u00f5es urbanas do Brasil \u2014 Foto: Jo\u00e3o Paulo Burini\/Getty Images via BBC<\/figcaption><\/figure>\n<p style=\"text-align: justify;\">De acordo com Trabasso, al\u00e9m da vacina\u00e7\u00e3o, \u00e9 preciso testagem em massa, para identificar os potenciais transmissores e coloc\u00e1-los em quarentena, e mais distanciamento social. &#8220;S\u00e3o as maneiras mais eficazes de conter a propaga\u00e7\u00e3o da Covid-19&#8221;, explica. &#8220;Claro que a higiene das m\u00e3os e o uso de m\u00e1scara tamb\u00e9m s\u00e3o importantes, mas s\u00e3o medidas individuais, enquanto que a imuniza\u00e7\u00e3o e aplica\u00e7\u00e3o dos testes s\u00e3o a\u00e7\u00f5es de Estado.&#8221;<\/p>\n<p style=\"text-align: justify;\">A aus\u00eancia de uma vigil\u00e2ncia epidemiol\u00f3gica efetiva \u00e9 outro aspecto problem\u00e1tico e preocupante da pandemia no pa\u00eds. &#8220;O Brasil tem recursos financeiros e profissionais capacitados para desenvolver um processo eficiente de identifica\u00e7\u00e3o de casos, por meio de testagem e busca ativa, e quarentena para todos os infectados, com apoio financeiro que garanta que a popula\u00e7\u00e3o n\u00e3o perca renda&#8221;, diz a m\u00e9dica sanitarista Maria de F\u00e1tima Siliansky de Andreazzi, professora de Economia Pol\u00edtica da Sa\u00fade da Universidade Federal do Rio de Janeiro (UFRJ).<\/p>\n<p><em><strong>Fonte:<\/strong> Portal G1<\/em><\/p>\n","protected":false},"excerpt":{"rendered":"<p>Mais de um ano depois de ter come\u00e7ado, a pandemia de Covid-19 ainda n\u00e3o d\u00e1 sinais de que v\u00e1 acabar [&hellip;]<\/p>\n","protected":false},"author":1,"featured_media":30752,"comment_status":"closed","ping_status":"closed","sticky":false,"template":"","format":"standard","meta":{"footnotes":""},"categories":[355],"tags":[],"class_list":["post-30750","post","type-post","status-publish","format-standard","has-post-thumbnail","hentry","category-saude"],"_links":{"self":[{"href":"https:\/\/pageup-solutions.com\/sitenoticiasvc1\/wp-json\/wp\/v2\/posts\/30750","targetHints":{"allow":["GET"]}}],"collection":[{"href":"https:\/\/pageup-solutions.com\/sitenoticiasvc1\/wp-json\/wp\/v2\/posts"}],"about":[{"href":"https:\/\/pageup-solutions.com\/sitenoticiasvc1\/wp-json\/wp\/v2\/types\/post"}],"author":[{"embeddable":true,"href":"https:\/\/pageup-solutions.com\/sitenoticiasvc1\/wp-json\/wp\/v2\/users\/1"}],"replies":[{"embeddable":true,"href":"https:\/\/pageup-solutions.com\/sitenoticiasvc1\/wp-json\/wp\/v2\/comments?post=30750"}],"version-history":[{"count":0,"href":"https:\/\/pageup-solutions.com\/sitenoticiasvc1\/wp-json\/wp\/v2\/posts\/30750\/revisions"}],"wp:featuredmedia":[{"embeddable":true,"href":"https:\/\/pageup-solutions.com\/sitenoticiasvc1\/wp-json\/wp\/v2\/media\/30752"}],"wp:attachment":[{"href":"https:\/\/pageup-solutions.com\/sitenoticiasvc1\/wp-json\/wp\/v2\/media?parent=30750"}],"wp:term":[{"taxonomy":"category","embeddable":true,"href":"https:\/\/pageup-solutions.com\/sitenoticiasvc1\/wp-json\/wp\/v2\/categories?post=30750"},{"taxonomy":"post_tag","embeddable":true,"href":"https:\/\/pageup-solutions.com\/sitenoticiasvc1\/wp-json\/wp\/v2\/tags?post=30750"}],"curies":[{"name":"wp","href":"https:\/\/api.w.org\/{rel}","templated":true}]}}