{"id":30999,"date":"2022-01-27T11:27:09","date_gmt":"2022-01-27T14:27:09","guid":{"rendered":"https:\/\/pageup-solutions.com\/sitenoticiasv14\/presidente-participa-de-missa-de-setimo-dia-da-mae\/"},"modified":"2022-01-27T11:27:09","modified_gmt":"2022-01-27T14:27:09","slug":"presidente-participa-de-missa-de-setimo-dia-da-mae","status":"publish","type":"post","link":"https:\/\/pageup-solutions.com\/sitenoticiasvc1\/presidente-participa-de-missa-de-setimo-dia-da-mae\/","title":{"rendered":"Presidente participa de missa de s\u00e9timo dia da m\u00e3e"},"content":{"rendered":"<div>\n<p>O presidente\u00a0Jair Bolsonaro\u00a0chegou \u00e0s 9h da manh\u00e3 de hoje\u00a0(27) \u00e0 Catedral Militar Rainha da Paz, em Bras\u00edlia,\u00a0para\u00a0a missa de s\u00e9timo dia de sua\u00a0m\u00e3e,\u00a0Olinda Bonturi Bolsonaro.<img decoding=\"async\" src=\"https:\/\/agenciabrasil.ebc.com.br\/ebc.png?id=1438942&#038;o=node\"><\/img><img decoding=\"async\" src=\"https:\/\/agenciabrasil.ebc.com.br\/ebc.gif?id=1438942&#038;o=node\"><\/img><\/p>\n<p>Ele estava\u00a0acompanhado\u00a0da primeira-dama Michelle Bolsonaro e do filho, o vereador Carlos Bolsonaro\u00a0(Republicanos \u2013 RJ),\u00a0al\u00e9m de tr\u00eas ministros militares &#8211; Walter Braga Netto (Defesa), Luiz Eduardo Ramos (Secretaria-Geral) e Augusto Heleno (Gabinete de Seguran\u00e7a Institucional).\u00a0A missa foi\u00a0celebrada pelo arcebispo militar do Brasil, dom Fernando Guimar\u00e3es.<\/p>\n<p>Outra celebra\u00e7\u00e3o\u00a0em mem\u00f3ria\u00a0de dona Olinda\u00a0ser\u00e1 realizada\u00a0pela fam\u00edlia hoje em S\u00e3o Paulo, mas sem a presen\u00e7a do presidente.\u00a0Por causa\u00a0da missa de s\u00e9timo dia, Bolsonaro\u00a0cancelou\u00a0participa\u00e7\u00e3o na c\u00fapula do F\u00f3rum para o Progresso e Desenvolvimento da Am\u00e9rica do Sul (Prosul),\u00a0em Cartagena, Col\u00f4mbia. O vice-presidente Hamilton Mour\u00e3o representa o Brasil no encontro.<\/p>\n<h2>Hist\u00f3rico<\/h2>\n<p>A <a href=\"https:\/\/agenciabrasil.ebc.com.br\/geral\/noticia\/2022-01\/mae-do-presidente-jair-bolsonaro-morre-aos-94-ano\" target=\"_blank\" rel=\"noopener\">morte de dona Olinda<\/a>, na madrugada da \u00faltima\u00a0sexta-feira (21), aos 94 anos,\u00a0foi anunciada pelo pr\u00f3prio presidente em\u00a0suas redes sociais.\u00a0Ela estava\u00a0internada\u00a0no Hospital S\u00e3o Jo\u00e3o, em Registro, no interior\u00a0paulista.<\/p>\n<\/p><\/div>\n","protected":false},"excerpt":{"rendered":"<p>O presidente\u00a0Jair Bolsonaro\u00a0chegou \u00e0s 9h da manh\u00e3 de hoje\u00a0(27) \u00e0 Catedral Militar Rainha da Paz, em Bras\u00edlia,\u00a0para\u00a0a missa de s\u00e9timo [&hellip;]<\/p>\n","protected":false},"author":1,"featured_media":31000,"comment_status":"open","ping_status":"open","sticky":false,"template":"","format":"standard","meta":{"footnotes":""},"categories":[354],"tags":[409,415,422,434,437,463],"class_list":["post-30999","post","type-post","status-publish","format-standard","has-post-thumbnail","hentry","category-politica","tag-jair-bolsonaro","tag-mae","tag-missa","tag-politica","tag-presidente","tag-setimo-dia"],"_links":{"self":[{"href":"https:\/\/pageup-solutions.com\/sitenoticiasvc1\/wp-json\/wp\/v2\/posts\/30999","targetHints":{"allow":["GET"]}}],"collection":[{"href":"https:\/\/pageup-solutions.com\/sitenoticiasvc1\/wp-json\/wp\/v2\/posts"}],"about":[{"href":"https:\/\/pageup-solutions.com\/sitenoticiasvc1\/wp-json\/wp\/v2\/types\/post"}],"author":[{"embeddable":true,"href":"https:\/\/pageup-solutions.com\/sitenoticiasvc1\/wp-json\/wp\/v2\/users\/1"}],"replies":[{"embeddable":true,"href":"https:\/\/pageup-solutions.com\/sitenoticiasvc1\/wp-json\/wp\/v2\/comments?post=30999"}],"version-history":[{"count":0,"href":"https:\/\/pageup-solutions.com\/sitenoticiasvc1\/wp-json\/wp\/v2\/posts\/30999\/revisions"}],"wp:featuredmedia":[{"embeddable":true,"href":"https:\/\/pageup-solutions.com\/sitenoticiasvc1\/wp-json\/wp\/v2\/media\/31000"}],"wp:attachment":[{"href":"https:\/\/pageup-solutions.com\/sitenoticiasvc1\/wp-json\/wp\/v2\/media?parent=30999"}],"wp:term":[{"taxonomy":"category","embeddable":true,"href":"https:\/\/pageup-solutions.com\/sitenoticiasvc1\/wp-json\/wp\/v2\/categories?post=30999"},{"taxonomy":"post_tag","embeddable":true,"href":"https:\/\/pageup-solutions.com\/sitenoticiasvc1\/wp-json\/wp\/v2\/tags?post=30999"}],"curies":[{"name":"wp","href":"https:\/\/api.w.org\/{rel}","templated":true}]}}