{"id":31001,"date":"2022-01-27T11:27:08","date_gmt":"2022-01-27T14:27:08","guid":{"rendered":"https:\/\/pageup-solutions.com\/sitenoticiasv14\/vice-presidente-participa-de-cupula-do-prosul-na-colombia\/"},"modified":"2022-01-27T11:27:08","modified_gmt":"2022-01-27T14:27:08","slug":"vice-presidente-participa-de-cupula-do-prosul-na-colombia","status":"publish","type":"post","link":"https:\/\/pageup-solutions.com\/sitenoticiasvc1\/vice-presidente-participa-de-cupula-do-prosul-na-colombia\/","title":{"rendered":"Vice-presidente participa de C\u00fapula do Prosul na Col\u00f4mbia"},"content":{"rendered":"<div>\n<p>O vice-presidente Hamilton Mour\u00e3o est\u00e1 em Cartagena das \u00cdndias, na Col\u00f4mbia, onde participar\u00e1 da C\u00fapula do F\u00f3rum para o Progresso e Desenvolvimento da Am\u00e9rica do Sul (Prosul), representando o presidente Jair Bolsonaro. Ele embarcou na manh\u00e3 desta quarta-feira (26), acompanhado do ministro das Rela\u00e7\u00f5es Exteriores, Carlos Fran\u00e7a.<img decoding=\"async\" src=\"https:\/\/agenciabrasil.ebc.com.br\/ebc.png?id=1438882&#038;o=node\"><\/img><img decoding=\"async\" src=\"https:\/\/agenciabrasil.ebc.com.br\/ebc.gif?id=1438882&#038;o=node\"><\/img><\/p>\n<p>Procurado pela reportagem, o Pal\u00e1cio do Planalto n\u00e3o informou oficialmente os motivos da desist\u00eancia do presidente Jair Bolsonaro de participar do encontro de l\u00edderes regionais. Informalmente, um dos dos motivos alegados para o cancelamento da viagem \u00e9 o <a href=\"https:\/\/agenciabrasil.ebc.com.br\/geral\/noticia\/2022-01\/presidente-jair-bolsonaro-chega-eldorado-para-velorio-da-mae\" target=\"_blank\" rel=\"noopener\">luto do presidente pela morte da m\u00e3e<\/a>, Olinda Bolsonaro, ocorrida na \u00faltima sexta-feira (21). Est\u00e1 prevista a presen\u00e7a do presidente na missa de s\u00e9timo dia em mem\u00f3ria da m\u00e3e, nesta quinta-feira (27).<\/p>\n<p>Segundo a agenda oficial de Mour\u00e3o, o \u00fanico compromisso dele nesta quarta-feira \u00e9 o jantar oferecido presidente da Col\u00f4mbia, Iv\u00e1n Duque, aos chefes de Estado presentes \u00e0 c\u00fapula. Outros detalhes sobre a agenda na c\u00fapula ainda n\u00e3o foram informados pelo Itamaraty.\u00a0<\/p>\n<p>O Prosul foi criado em mar\u00e7o de 2019 para substituir a Uni\u00e3o Sul-Americana de Na\u00e7\u00f5es (Unasul), que existia desde 2008. Participam atualmente do bloco Argentina, Brasil, Chile, Col\u00f4mbia, Equador, Guiana, Paraguai e Peru. Tr\u00eas pa\u00edses sul-americanos n\u00e3o fazem parte do bloco: Bol\u00edvia, Uruguai e Suriname. A Venezuela n\u00e3o foi convidada para integrar o grupo.<\/p>\n<\/p><\/div>\n","protected":false},"excerpt":{"rendered":"<p>O vice-presidente Hamilton Mour\u00e3o est\u00e1 em Cartagena das \u00cdndias, na Col\u00f4mbia, onde participar\u00e1 da C\u00fapula do F\u00f3rum para o Progresso [&hellip;]<\/p>\n","protected":false},"author":1,"featured_media":31002,"comment_status":"open","ping_status":"open","sticky":false,"template":"","format":"standard","meta":{"footnotes":""},"categories":[354],"tags":[365,375,378,386,406,409,434],"class_list":["post-31001","post","type-post","status-publish","format-standard","has-post-thumbnail","hentry","category-politica","tag-america-do-sul","tag-cartagena-das-indias","tag-colombia","tag-cupula-do-prosul","tag-hamilton-mourao","tag-jair-bolsonaro","tag-politica"],"_links":{"self":[{"href":"https:\/\/pageup-solutions.com\/sitenoticiasvc1\/wp-json\/wp\/v2\/posts\/31001","targetHints":{"allow":["GET"]}}],"collection":[{"href":"https:\/\/pageup-solutions.com\/sitenoticiasvc1\/wp-json\/wp\/v2\/posts"}],"about":[{"href":"https:\/\/pageup-solutions.com\/sitenoticiasvc1\/wp-json\/wp\/v2\/types\/post"}],"author":[{"embeddable":true,"href":"https:\/\/pageup-solutions.com\/sitenoticiasvc1\/wp-json\/wp\/v2\/users\/1"}],"replies":[{"embeddable":true,"href":"https:\/\/pageup-solutions.com\/sitenoticiasvc1\/wp-json\/wp\/v2\/comments?post=31001"}],"version-history":[{"count":0,"href":"https:\/\/pageup-solutions.com\/sitenoticiasvc1\/wp-json\/wp\/v2\/posts\/31001\/revisions"}],"wp:featuredmedia":[{"embeddable":true,"href":"https:\/\/pageup-solutions.com\/sitenoticiasvc1\/wp-json\/wp\/v2\/media\/31002"}],"wp:attachment":[{"href":"https:\/\/pageup-solutions.com\/sitenoticiasvc1\/wp-json\/wp\/v2\/media?parent=31001"}],"wp:term":[{"taxonomy":"category","embeddable":true,"href":"https:\/\/pageup-solutions.com\/sitenoticiasvc1\/wp-json\/wp\/v2\/categories?post=31001"},{"taxonomy":"post_tag","embeddable":true,"href":"https:\/\/pageup-solutions.com\/sitenoticiasvc1\/wp-json\/wp\/v2\/tags?post=31001"}],"curies":[{"name":"wp","href":"https:\/\/api.w.org\/{rel}","templated":true}]}}