{"id":31003,"date":"2022-01-27T11:27:07","date_gmt":"2022-01-27T14:27:07","guid":{"rendered":"https:\/\/pageup-solutions.com\/sitenoticiasv14\/decreto-define-procedimentos-para-eolicas-instaladas-no-mar\/"},"modified":"2022-01-27T11:27:07","modified_gmt":"2022-01-27T14:27:07","slug":"decreto-define-procedimentos-para-eolicas-instaladas-no-mar","status":"publish","type":"post","link":"https:\/\/pageup-solutions.com\/sitenoticiasvc1\/decreto-define-procedimentos-para-eolicas-instaladas-no-mar\/","title":{"rendered":"Decreto define procedimentos para e\u00f3licas instaladas no mar"},"content":{"rendered":"<div>\n<p>Publicado no <em>Di\u00e1rio Oficial da Uni\u00e3o<\/em> de hoje (26) <a href=\"https:\/\/www.in.gov.br\/en\/web\/dou\/-\/decreto-n-10.946-de-25-de-janeiro-de-2022-376016988\">decreto presidencial<\/a> que prev\u00ea o aproveitamento de rios e mar para a gera\u00e7\u00e3o de energia e\u00f3lica. A ideia \u00e9 aproveitar as regi\u00f5es onde o vento \u00e9 mais constante e em velocidades mais intensas, para gerar energia a partir de fonte limpa nas \u00e1reas conhecidas como <em>offshore<\/em>.<img decoding=\"async\" src=\"https:\/\/agenciabrasil.ebc.com.br\/ebc.png?id=1438741&#038;o=node\"><\/img><img decoding=\"async\" src=\"https:\/\/agenciabrasil.ebc.com.br\/ebc.gif?id=1438741&#038;o=node\"><\/img><\/p>\n<p>O Brasil tem caracter\u00edsticas favor\u00e1veis para a instala\u00e7\u00e3o e opera\u00e7\u00e3o do tipo de empreendimento, gra\u00e7as \u00e0 incid\u00eancia de ventos al\u00edsios (subtropicais, que sopram na dire\u00e7\u00e3o do equador) em boa parte de sua costa, em especial na Regi\u00e3o Nordeste. Favorecem tamb\u00e9m as dimens\u00f5es de sua costa (7.367 km) e do espa\u00e7o mar\u00edtimo sob sua jurisdi\u00e7\u00e3o (3,5 milh\u00f5es km\u00b2).<\/p>\n<p>Ao dispor &#8220;sobre a cess\u00e3o de uso de espa\u00e7os f\u00edsicos e o aproveitamento dos recursos naturais em \u00e1guas interiores de dom\u00ednio da Uni\u00e3o, no mar territorial, na zona econ\u00f4mica exclusiva e na plataforma continental para a gera\u00e7\u00e3o de energia el\u00e9trica a partir de empreendimento offshore&#8221;, o Decreto n\u00ba 10.946 define como tais procedimentos ser\u00e3o conduzidos.<\/p>\n<p>O decreto tamb\u00e9m traz orienta\u00e7\u00f5es sobre como e onde ser\u00e3o apresentados os pedidos de cess\u00e3o, e o que o empreendedor dever\u00e1 fazer para a consecu\u00e7\u00e3o do empreendimento.<\/p>\n<p>De acordo com o decreto, a cess\u00e3o de uso poder\u00e1 ser concedida por meio de dois procedimentos distintos: Cess\u00e3o Planejada, que consiste na oferta de prismas previamente delimitados pelo Minist\u00e9rio de Minas e Energia a eventuais interessados; e Cess\u00e3o Independente, que envolve a cess\u00e3o de prismas requeridos por iniciativa dos interessados em explor\u00e1-los.<\/p>\n<p>\u201cUma vez obtida a cess\u00e3o de uso, ser\u00e1 obriga\u00e7\u00e3o contratual do empreendedor a realiza\u00e7\u00e3o dos estudos necess\u00e1rios para identifica\u00e7\u00e3o do potencial energ\u00e9tico <em>offshore<\/em>, devendo atender aos crit\u00e9rios e prazos definidos em ato espec\u00edfico do MME\u201d, informou a Secretaria-Geral da Presid\u00eancia da Rep\u00fablica.<\/p>\n<p>De acordo com a secretaria, o decreto busca \u201cpreencher a lacuna identificada por institui\u00e7\u00f5es p\u00fablicas, empreendedores, especialistas e organiza\u00e7\u00f5es de um marco regulat\u00f3rio para a explora\u00e7\u00e3o do potencial el\u00e9trico <em>offshore<\/em> no Brasil, em especial relacionado a quest\u00f5es sobre a implanta\u00e7\u00e3o e ao modelo de concess\u00e3o\u201d.<\/p>\n<p>A secretaria acrescenta que a proposta foi \u201cobjeto de in\u00fameros encontros e discuss\u00f5es entre o Minist\u00e9rio de Minas e Energia e demais atores durante o ano de 2021\u201d, al\u00e9m de ser uma demanda antiga do setor de gera\u00e7\u00e3o de energia e\u00f3lica.<\/p>\n<p>\u201cO decreto traz clareza aos mecanismos de cess\u00e3o de uso de \u00e1reas em \u00e1guas interiores, no mar territorial, dividindo os procedimentos entre a Secretaria de Coordena\u00e7\u00e3o e Governan\u00e7a do Patrim\u00f4nio da Uni\u00e3o (SPU) do Minist\u00e9rio da Economia e o Minist\u00e9rio de Minas e Energia (MME).\u201d<\/p>\n<p>Ainda segundo a secretaria, a regulamenta\u00e7\u00e3o \u00e9 compat\u00edvel com as transforma\u00e7\u00f5es pelas quais o setor el\u00e9trico vem passando, \u201cespecialmente em fun\u00e7\u00e3o da evolu\u00e7\u00e3o da matriz el\u00e9trica, acompanhando a moderniza\u00e7\u00e3o de tecnologias de gera\u00e7\u00e3o energia el\u00e9trica por fontes renov\u00e1veis e com grande capacidade de pot\u00eancia, caracter\u00edsticas importantes ao atendimento do crescimento da demanda\u201d.<\/p>\n<p>Para \u201ctornar o processo menos burocr\u00e1tico\u201d, o decreto prev\u00ea a possibilidade de o MME delegar \u00e0 Ag\u00eancia Nacional de Energia El\u00e9trica (Aneel) \u201ccompet\u00eancias para firmar os contratos de cess\u00e3o de uso e para realizar os atos necess\u00e1rios \u00e0 sua formaliza\u00e7\u00e3o\u201d.<\/p>\n<\/p><\/div>\n","protected":false},"excerpt":{"rendered":"<p>Publicado no Di\u00e1rio Oficial da Uni\u00e3o de hoje (26) decreto presidencial que prev\u00ea o aproveitamento de rios e mar para [&hellip;]<\/p>\n","protected":false},"author":1,"featured_media":31004,"comment_status":"open","ping_status":"open","sticky":false,"template":"","format":"standard","meta":{"footnotes":""},"categories":[354],"tags":[387,397,420,434],"class_list":["post-31003","post","type-post","status-publish","format-standard","has-post-thumbnail","hentry","category-politica","tag-decreto","tag-energia-aeolica","tag-ministerio-de-minas-e-energia","tag-politica"],"_links":{"self":[{"href":"https:\/\/pageup-solutions.com\/sitenoticiasvc1\/wp-json\/wp\/v2\/posts\/31003","targetHints":{"allow":["GET"]}}],"collection":[{"href":"https:\/\/pageup-solutions.com\/sitenoticiasvc1\/wp-json\/wp\/v2\/posts"}],"about":[{"href":"https:\/\/pageup-solutions.com\/sitenoticiasvc1\/wp-json\/wp\/v2\/types\/post"}],"author":[{"embeddable":true,"href":"https:\/\/pageup-solutions.com\/sitenoticiasvc1\/wp-json\/wp\/v2\/users\/1"}],"replies":[{"embeddable":true,"href":"https:\/\/pageup-solutions.com\/sitenoticiasvc1\/wp-json\/wp\/v2\/comments?post=31003"}],"version-history":[{"count":0,"href":"https:\/\/pageup-solutions.com\/sitenoticiasvc1\/wp-json\/wp\/v2\/posts\/31003\/revisions"}],"wp:featuredmedia":[{"embeddable":true,"href":"https:\/\/pageup-solutions.com\/sitenoticiasvc1\/wp-json\/wp\/v2\/media\/31004"}],"wp:attachment":[{"href":"https:\/\/pageup-solutions.com\/sitenoticiasvc1\/wp-json\/wp\/v2\/media?parent=31003"}],"wp:term":[{"taxonomy":"category","embeddable":true,"href":"https:\/\/pageup-solutions.com\/sitenoticiasvc1\/wp-json\/wp\/v2\/categories?post=31003"},{"taxonomy":"post_tag","embeddable":true,"href":"https:\/\/pageup-solutions.com\/sitenoticiasvc1\/wp-json\/wp\/v2\/tags?post=31003"}],"curies":[{"name":"wp","href":"https:\/\/api.w.org\/{rel}","templated":true}]}}