{"id":31007,"date":"2022-01-27T11:27:05","date_gmt":"2022-01-27T14:27:05","guid":{"rendered":"https:\/\/pageup-solutions.com\/sitenoticiasv14\/presidente-passa-noite-em-eldorado-apos-enterro-da-mae\/"},"modified":"2022-01-27T11:27:05","modified_gmt":"2022-01-27T14:27:05","slug":"presidente-passa-noite-em-eldorado-apos-enterro-da-mae","status":"publish","type":"post","link":"https:\/\/pageup-solutions.com\/sitenoticiasvc1\/presidente-passa-noite-em-eldorado-apos-enterro-da-mae\/","title":{"rendered":"Presidente passa noite em Eldorado ap\u00f3s enterro da m\u00e3e"},"content":{"rendered":"<div>\n<p>Ap\u00f3s o enterro de m\u00e3e Olinda Bonturi Bolsonaro, o presidente da Rep\u00fablica Jair Bolsonaro decidiu passar a noite de hoje (21) na cidade de Eldorado, no interior paulista. Segundo a assessoria de imprensa do presidente, ele deve voltar a Bras\u00edlia neste s\u00e1bado.\u00a0<img decoding=\"async\" src=\"https:\/\/agenciabrasil.ebc.com.br\/ebc.png?id=1438118&#038;o=node\"><\/img><img decoding=\"async\" src=\"https:\/\/agenciabrasil.ebc.com.br\/ebc.gif?id=1438118&#038;o=node\"><\/img><\/p>\n<p>Bolsonaro estava cumprindo agenda oficial\u00a0no Suriname, de onde seguiria para a Guiana. Ao saber da morte da m\u00e3e nesta madrugada, ele cancelou seus compromissos e retornou ao Brasil.\u00a0<\/p>\n<p>O voo presidencial chegou ao Aeroporto de Congonhas, na capital paulista, no <a href=\"https:\/\/agenciabrasil.ebc.com.br\/geral\/noticia\/2022-01\/presidente-jair-bolsonaro-chega-eldorado-para-velorio-da-mae\" target=\"_blank\" rel=\"noopener\">in\u00edcio da tarde de hoje<\/a>. Do aeroporto, ele foi de helic\u00f3ptero at\u00e9 a cidade de Eldorado, onde a m\u00e3e foi enterrada \u00e0s 17h.\u00a0<\/p>\n<p>A primeira-dama, Michelle Bolsonaro, os irm\u00e3os do presidente e o filho Fl\u00e1vio Bolsonaro o acompanharam no vel\u00f3rio e no sepultamento.<\/p>\n<p>Olinda Bonturi Bolsonaro morreu na madrugada desta sexta-feira. Ela estava com 94 anos e morava em Eldorado, no interior de S\u00e3o Paulo. A causa da morte n\u00e3o foi informada.<\/p>\n<\/p><\/div>\n","protected":false},"excerpt":{"rendered":"<p>Ap\u00f3s o enterro de m\u00e3e Olinda Bonturi Bolsonaro, o presidente da Rep\u00fablica Jair Bolsonaro decidiu passar a noite de hoje [&hellip;]<\/p>\n","protected":false},"author":1,"featured_media":31008,"comment_status":"open","ping_status":"open","sticky":false,"template":"","format":"standard","meta":{"footnotes":""},"categories":[354],"tags":[391,409,434],"class_list":["post-31007","post","type-post","status-publish","format-standard","has-post-thumbnail","hentry","category-politica","tag-eldorado","tag-jair-bolsonaro","tag-politica"],"_links":{"self":[{"href":"https:\/\/pageup-solutions.com\/sitenoticiasvc1\/wp-json\/wp\/v2\/posts\/31007","targetHints":{"allow":["GET"]}}],"collection":[{"href":"https:\/\/pageup-solutions.com\/sitenoticiasvc1\/wp-json\/wp\/v2\/posts"}],"about":[{"href":"https:\/\/pageup-solutions.com\/sitenoticiasvc1\/wp-json\/wp\/v2\/types\/post"}],"author":[{"embeddable":true,"href":"https:\/\/pageup-solutions.com\/sitenoticiasvc1\/wp-json\/wp\/v2\/users\/1"}],"replies":[{"embeddable":true,"href":"https:\/\/pageup-solutions.com\/sitenoticiasvc1\/wp-json\/wp\/v2\/comments?post=31007"}],"version-history":[{"count":0,"href":"https:\/\/pageup-solutions.com\/sitenoticiasvc1\/wp-json\/wp\/v2\/posts\/31007\/revisions"}],"wp:featuredmedia":[{"embeddable":true,"href":"https:\/\/pageup-solutions.com\/sitenoticiasvc1\/wp-json\/wp\/v2\/media\/31008"}],"wp:attachment":[{"href":"https:\/\/pageup-solutions.com\/sitenoticiasvc1\/wp-json\/wp\/v2\/media?parent=31007"}],"wp:term":[{"taxonomy":"category","embeddable":true,"href":"https:\/\/pageup-solutions.com\/sitenoticiasvc1\/wp-json\/wp\/v2\/categories?post=31007"},{"taxonomy":"post_tag","embeddable":true,"href":"https:\/\/pageup-solutions.com\/sitenoticiasvc1\/wp-json\/wp\/v2\/tags?post=31007"}],"curies":[{"name":"wp","href":"https:\/\/api.w.org\/{rel}","templated":true}]}}