{"id":31015,"date":"2022-01-29T17:09:18","date_gmt":"2022-01-29T20:09:18","guid":{"rendered":"https:\/\/pageup-solutions.com\/sitenoticiasv14\/recursos-para-programas-sociais-triplicaram-diz-ministro-da-cidadania\/"},"modified":"2022-01-29T17:09:18","modified_gmt":"2022-01-29T20:09:18","slug":"recursos-para-programas-sociais-triplicaram-diz-ministro-da-cidadania","status":"publish","type":"post","link":"https:\/\/pageup-solutions.com\/sitenoticiasvc1\/recursos-para-programas-sociais-triplicaram-diz-ministro-da-cidadania\/","title":{"rendered":"Recursos para programas sociais triplicaram, diz ministro da Cidadania"},"content":{"rendered":"<div>\n<p>Os recursos destinados aos programas sociais foram triplicados, informou hoje (28) o\u00a0ministro da Cidadania, Jo\u00e3o Roma, em pronunciamento em rede nacional de r\u00e1dio e TV. Roma falou dos avan\u00e7os trazidos pelo Aux\u00edlio Brasil e destacou que este se tornou o maior programa de transfer\u00eancia de renda da hist\u00f3ria do pa\u00eds.<img decoding=\"async\" src=\"https:\/\/pageup-solutions.com\/sitenoticiasvc1\/wp-content\/uploads\/ebc.png?id=1439275&#038;o=node\"><\/img><img decoding=\"async\" src=\"https:\/\/pageup-solutions.com\/sitenoticiasvc1\/wp-content\/uploads\/ebc-1.png?id=1439275&#038;o=node\"><\/img><\/p>\n<p>O novo benef\u00edcio garante o valor m\u00ednimo de R$ 400 para mais de 17 milh\u00f5es de brasileiros. Segundo o ministro, a pasta conseguiu zerar a fila incluindo no programa todos que estavam aguardando. Ele destacou os aux\u00edlios inclusos no novo programa como o Aux\u00edlio Inclus\u00e3o Produtiva, no valor de R$ 200, um valor de transi\u00e7\u00e3o pago aos benefici\u00e1rios que arranjarem emprego e o Aux\u00edlio Inicia\u00e7\u00e3o Cient\u00edfica: \u201cUm est\u00edmulo ao pleno desenvolvimento de nossa juventude\u201d, disse.<\/p>\n<p>Roma tamb\u00e9m citou o a redu\u00e7\u00e3o de 65% na tarifa de energia el\u00e9trica para as 24 milh\u00f5es de fam\u00edlias que fazem parte do Cadastro \u00fanico para Programas Sociais (Cad\u00danico) e o Aux\u00edlio G\u00e1s, criado, segundo o ministro, \u201cpara ajudar as fam\u00edlias que mais precisam\u201d.<\/p>\n<p>No pronunciamento, o ministro da Cidadania tamb\u00e9m falou sobre o trabalho do governo para remediar os danos causados pelas chuvas na Bahia e em Minas Gerais. Segundo ele, a for\u00e7a-tarefa envolveu v\u00e1rios minist\u00e9rios e contou com a solidariedade de muitos volunt\u00e1rios.<\/p>\n<h2>Assista na \u00edntegra:<\/h2>\n<p><iframe allowfullscreen=\"\" frameborder=\"0\" src=\"https:\/\/www.youtube.com\/embed\/fUGwts_Qr4c\"><\/iframe><\/p>\n<\/p><\/div>\n","protected":false},"excerpt":{"rendered":"<p>Os recursos destinados aos programas sociais foram triplicados, informou hoje (28) o\u00a0ministro da Cidadania, Jo\u00e3o Roma, em pronunciamento em rede [&hellip;]<\/p>\n","protected":false},"author":1,"featured_media":31016,"comment_status":"closed","ping_status":"closed","sticky":false,"template":"","format":"standard","meta":{"footnotes":""},"categories":[344,354],"tags":[371,412,418,434],"class_list":["post-31015","post","type-post","status-publish","format-standard","has-post-thumbnail","hentry","category-economia","category-politica","tag-auxilio-brasil","tag-joao-roma","tag-ministerio-da-cidadania","tag-politica"],"_links":{"self":[{"href":"https:\/\/pageup-solutions.com\/sitenoticiasvc1\/wp-json\/wp\/v2\/posts\/31015","targetHints":{"allow":["GET"]}}],"collection":[{"href":"https:\/\/pageup-solutions.com\/sitenoticiasvc1\/wp-json\/wp\/v2\/posts"}],"about":[{"href":"https:\/\/pageup-solutions.com\/sitenoticiasvc1\/wp-json\/wp\/v2\/types\/post"}],"author":[{"embeddable":true,"href":"https:\/\/pageup-solutions.com\/sitenoticiasvc1\/wp-json\/wp\/v2\/users\/1"}],"replies":[{"embeddable":true,"href":"https:\/\/pageup-solutions.com\/sitenoticiasvc1\/wp-json\/wp\/v2\/comments?post=31015"}],"version-history":[{"count":0,"href":"https:\/\/pageup-solutions.com\/sitenoticiasvc1\/wp-json\/wp\/v2\/posts\/31015\/revisions"}],"wp:featuredmedia":[{"embeddable":true,"href":"https:\/\/pageup-solutions.com\/sitenoticiasvc1\/wp-json\/wp\/v2\/media\/31016"}],"wp:attachment":[{"href":"https:\/\/pageup-solutions.com\/sitenoticiasvc1\/wp-json\/wp\/v2\/media?parent=31015"}],"wp:term":[{"taxonomy":"category","embeddable":true,"href":"https:\/\/pageup-solutions.com\/sitenoticiasvc1\/wp-json\/wp\/v2\/categories?post=31015"},{"taxonomy":"post_tag","embeddable":true,"href":"https:\/\/pageup-solutions.com\/sitenoticiasvc1\/wp-json\/wp\/v2\/tags?post=31015"}],"curies":[{"name":"wp","href":"https:\/\/api.w.org\/{rel}","templated":true}]}}