{"id":31019,"date":"2022-01-29T17:09:17","date_gmt":"2022-01-29T20:09:17","guid":{"rendered":"https:\/\/pageup-solutions.com\/sitenoticiasv14\/tse-define-tempo-de-propaganda-eleitoral-dos-partidos\/"},"modified":"2022-01-29T17:09:17","modified_gmt":"2022-01-29T20:09:17","slug":"tse-define-tempo-de-propaganda-eleitoral-dos-partidos","status":"publish","type":"post","link":"https:\/\/pageup-solutions.com\/sitenoticiasvc1\/tse-define-tempo-de-propaganda-eleitoral-dos-partidos\/","title":{"rendered":"TSE define tempo de propaganda eleitoral dos partidos"},"content":{"rendered":"<div>\n<div>\n<p>O Tribunal Superior Eleitoral (TSE) definiu o tempo que os partidos ter\u00e3o na propaganda gratuita no r\u00e1dio e TV. De acordo com portaria publicada na ter\u00e7a-feira (25), as legendas com mais tempo ser\u00e3o DEM, MDB, PDT, PL, PP, PSB, PSD, PSDB, PSL, PT e Republicanos. Todos ter\u00e3o dispon\u00edveis 20 minutos e 40 inser\u00e7\u00f5es nos dois meios de comunica\u00e7\u00e3o durante o primeiro semestre deste ano.<\/p>\n<p>  A Justi\u00e7a Eleitoral usou o desempenho das legendas nas elei\u00e7\u00f5es gerais de 2018 para distribui\u00e7\u00e3o do tempo, al\u00e9m de eventuais retotaliza\u00e7\u00f5es de votos para a C\u00e2mara dos Deputados, fus\u00f5es e incorpora\u00e7\u00f5es de legendas. No total, foram distribu\u00eddos 305 minutos de veicula\u00e7\u00e3o e 610 inser\u00e7\u00f5es aos 23 partidos que cumpriram os requisitos.<\/p>\n<p>  Na propaganda gratuita, os partidos devem cumprir a legisla\u00e7\u00e3o eleitoral e veicular conte\u00fados\u00a0que difundam os ideais partid\u00e1rios, mensagens aos filiados, temas de interesse da sociedade e promo\u00e7\u00e3o da inclus\u00e3o na vida pol\u00edtica do pa\u00eds.<img decoding=\"async\" src=\"https:\/\/pageup-solutions.com\/sitenoticiasvc1\/wp-content\/uploads\/ebc.png61f59ef7409ac.png?id=1439050&#038;o=node\"><\/img><img decoding=\"async\" src=\"https:\/\/pageup-solutions.com\/sitenoticiasvc1\/wp-content\/uploads\/ebc.gif61f59ef76bdb2.png?id=1439050&#038;o=node\"><\/img><\/p>\n<\/div>\n<div>\n<p>O tempo definido pelo TSE n\u00e3o tem rela\u00e7\u00e3o com a propaganda eleitoral destinada \u00e0 apresenta\u00e7\u00e3o dos candidatos que v\u00e3o concorrer \u00e0s elei\u00e7\u00f5es de outubro.<\/p>\n<p>  O hor\u00e1rio eleitoral gratuito ter\u00e1 in\u00edcio somente em agosto.\u00a0<\/p>\n<\/div><\/div>\n","protected":false},"excerpt":{"rendered":"<p>O Tribunal Superior Eleitoral (TSE) definiu o tempo que os partidos ter\u00e3o na propaganda gratuita no r\u00e1dio e TV. De [&hellip;]<\/p>\n","protected":false},"author":1,"featured_media":31020,"comment_status":"closed","ping_status":"closed","sticky":false,"template":"","format":"standard","meta":{"footnotes":""},"categories":[344,354],"tags":[394,427,434,443,446,468],"class_list":["post-31019","post","type-post","status-publish","format-standard","has-post-thumbnail","hentry","category-economia","category-politica","tag-eleicoes-gerais","tag-partidos","tag-politica","tag-propaganda-eleitoral-gratuita","tag-radio-e-tv","tag-tse"],"_links":{"self":[{"href":"https:\/\/pageup-solutions.com\/sitenoticiasvc1\/wp-json\/wp\/v2\/posts\/31019","targetHints":{"allow":["GET"]}}],"collection":[{"href":"https:\/\/pageup-solutions.com\/sitenoticiasvc1\/wp-json\/wp\/v2\/posts"}],"about":[{"href":"https:\/\/pageup-solutions.com\/sitenoticiasvc1\/wp-json\/wp\/v2\/types\/post"}],"author":[{"embeddable":true,"href":"https:\/\/pageup-solutions.com\/sitenoticiasvc1\/wp-json\/wp\/v2\/users\/1"}],"replies":[{"embeddable":true,"href":"https:\/\/pageup-solutions.com\/sitenoticiasvc1\/wp-json\/wp\/v2\/comments?post=31019"}],"version-history":[{"count":0,"href":"https:\/\/pageup-solutions.com\/sitenoticiasvc1\/wp-json\/wp\/v2\/posts\/31019\/revisions"}],"wp:featuredmedia":[{"embeddable":true,"href":"https:\/\/pageup-solutions.com\/sitenoticiasvc1\/wp-json\/wp\/v2\/media\/31020"}],"wp:attachment":[{"href":"https:\/\/pageup-solutions.com\/sitenoticiasvc1\/wp-json\/wp\/v2\/media?parent=31019"}],"wp:term":[{"taxonomy":"category","embeddable":true,"href":"https:\/\/pageup-solutions.com\/sitenoticiasvc1\/wp-json\/wp\/v2\/categories?post=31019"},{"taxonomy":"post_tag","embeddable":true,"href":"https:\/\/pageup-solutions.com\/sitenoticiasvc1\/wp-json\/wp\/v2\/tags?post=31019"}],"curies":[{"name":"wp","href":"https:\/\/api.w.org\/{rel}","templated":true}]}}