{"id":31025,"date":"2022-01-29T17:09:16","date_gmt":"2022-01-29T20:09:16","guid":{"rendered":"https:\/\/pageup-solutions.com\/sitenoticiasv14\/presidente-jair-bolsonaro-chega-a-eldorado-para-velorio-da-mae\/"},"modified":"2022-01-29T17:09:16","modified_gmt":"2022-01-29T20:09:16","slug":"presidente-jair-bolsonaro-chega-a-eldorado-para-velorio-da-mae","status":"publish","type":"post","link":"https:\/\/pageup-solutions.com\/sitenoticiasvc1\/presidente-jair-bolsonaro-chega-a-eldorado-para-velorio-da-mae\/","title":{"rendered":"Presidente Jair Bolsonaro chega a Eldorado para vel\u00f3rio da m\u00e3e"},"content":{"rendered":"<div>\n<p>O presidente da Rep\u00fablica Jair Bolsonaro desembarcou no Aeroporto de Congonhas, em S\u00e3o Paulo, no in\u00edcio da tarde de hoje (21) e embarcou em helic\u00f3ptero para a cidade de Eldorado, no interior do estado paulista, onde vai acompanhar o vel\u00f3rio e sepultamento da m\u00e3e, Olinda Bonturi Bolsonaro, que <a href=\"https:\/\/agenciabrasil.ebc.com.br\/geral\/noticia\/2022-01\/mae-do-presidente-jair-bolsonaro-morre-aos-94-anos\" target=\"_blank\" rel=\"noopener\">faleceu nesta madrugada<\/a>.\u00a0<img decoding=\"async\" src=\"https:\/\/pageup-solutions.com\/sitenoticiasvc1\/wp-content\/uploads\/ebc.png61f59efe4b81b.png?id=1438013&#038;o=node\"><\/img><img decoding=\"async\" src=\"https:\/\/pageup-solutions.com\/sitenoticiasvc1\/wp-content\/uploads\/ebc.gif61f59efe7705f.png?id=1438013&#038;o=node\"><\/img><\/p>\n<p>O helic\u00f3ptero pousou em Eldorado por volta das 15h20. Ao desembarcar, o presidente seguiu de carro para o local do vel\u00f3rio, acompanhado da esposa, Michelle Bolsonaro, e do filho Fl\u00e1vio Bolsonaro. O enterro est\u00e1 marcado para as 17h de hoje no cemit\u00e9rio local.<\/p>\n<p>Bolsonaro estava em compromisso oficial no Suriname, de onde partiria para a Guiana. Ao saber da morte da m\u00e3e, ele cancelou seus compromissos e retornou ao Brasil.\u00a0<\/p>\n<p>Nas redes sociais, o presidente postou v\u00eddeo de seu \u00faltimo encontro com a m\u00e3e, em que ele segurava suas m\u00e3os e ela gargalhava. Fl\u00e1vio Bolsonaro tamb\u00e9m postou um v\u00eddeo com fotos da av\u00f3 e fez um agradecimento. \u201cV\u00f3, olhe por n\u00f3s a\u00ed junto de Deus. Muito obrigado por tudo\u201d, escreveu.<\/p>\n<p>A m\u00e3e do presidente Jair Bolsonaro, Olinda Bonturi Bolsonaro, morreu na madrugada de hoje. Ela estava com 94 anos e morava em Eldorado, no interior de S\u00e3o Paulo. A causa da morte n\u00e3o foi informada.<\/p>\n<p>O prefeito da Est\u00e2ncia Tur\u00edstica de Eldorado, Dinoel Pedroso Rocha, decretou luto oficial e lamentou a morte da m\u00e3e do presidente. \u201cNeste momento, nos unimos a todos os amigos e familiares, manifestando nossa solidariedade. Rogamos a Deus, que na sua infinita bondade e miseric\u00f3rdia conforte a todos neste momento de dor e saudade\u201d, escreveu.<\/p>\n<p>A C\u00e2mara Municipal de Eldorado tamb\u00e9m se solidarizou com a fam\u00edlia Bolsonaro. \u201cNossa solidariedade e p\u00easames a todos os familiares e amigos. Que Deus a receba de bra\u00e7os abertos em sua infinita miseric\u00f3rdia e bondade, confortando a todos neste momento de despedida\u201d, diz a nota.<\/p>\n<div>\n<div>\n<p><img decoding=\"async\" alt=\"m\u00e3e do presidente Jair Bolsonaro, Olinda Bonturi Bolsonaro\" data-echo=\"https:\/\/pageup-solutions.com\/sitenoticiasvc1\/wp-content\/uploads\/60338847_1454150804733901_8995296856686723072_n.jpg?itok=_JVWtB4P\" src=\"https:\/\/pageup-solutions.com\/sitenoticiasvc1\/wp-content\/uploads\/loading_v2.gif\" title=\"Reprodu\u00e7\u00e3o Facebook\/Jair Bolsonaro\"><\/img>              <\/p>\n<\/p><\/div>\n<p><h6>M\u00e3e do presidente Jair Bolsonaro, Olinda Bonturi Bolsonaro &#8211; <strong>Reprodu\u00e7\u00e3o Facebook\/Jair Bolsonaro<\/strong><\/h6>\n<\/p>\n<\/div><\/div>\n","protected":false},"excerpt":{"rendered":"<p>O presidente da Rep\u00fablica Jair Bolsonaro desembarcou no Aeroporto de Congonhas, em S\u00e3o Paulo, no in\u00edcio da tarde de hoje [&hellip;]<\/p>\n","protected":false},"author":1,"featured_media":31026,"comment_status":"closed","ping_status":"closed","sticky":false,"template":"","format":"standard","meta":{"footnotes":""},"categories":[344,354],"tags":[391,409,434],"class_list":["post-31025","post","type-post","status-publish","format-standard","has-post-thumbnail","hentry","category-economia","category-politica","tag-eldorado","tag-jair-bolsonaro","tag-politica"],"_links":{"self":[{"href":"https:\/\/pageup-solutions.com\/sitenoticiasvc1\/wp-json\/wp\/v2\/posts\/31025","targetHints":{"allow":["GET"]}}],"collection":[{"href":"https:\/\/pageup-solutions.com\/sitenoticiasvc1\/wp-json\/wp\/v2\/posts"}],"about":[{"href":"https:\/\/pageup-solutions.com\/sitenoticiasvc1\/wp-json\/wp\/v2\/types\/post"}],"author":[{"embeddable":true,"href":"https:\/\/pageup-solutions.com\/sitenoticiasvc1\/wp-json\/wp\/v2\/users\/1"}],"replies":[{"embeddable":true,"href":"https:\/\/pageup-solutions.com\/sitenoticiasvc1\/wp-json\/wp\/v2\/comments?post=31025"}],"version-history":[{"count":0,"href":"https:\/\/pageup-solutions.com\/sitenoticiasvc1\/wp-json\/wp\/v2\/posts\/31025\/revisions"}],"wp:featuredmedia":[{"embeddable":true,"href":"https:\/\/pageup-solutions.com\/sitenoticiasvc1\/wp-json\/wp\/v2\/media\/31026"}],"wp:attachment":[{"href":"https:\/\/pageup-solutions.com\/sitenoticiasvc1\/wp-json\/wp\/v2\/media?parent=31025"}],"wp:term":[{"taxonomy":"category","embeddable":true,"href":"https:\/\/pageup-solutions.com\/sitenoticiasvc1\/wp-json\/wp\/v2\/categories?post=31025"},{"taxonomy":"post_tag","embeddable":true,"href":"https:\/\/pageup-solutions.com\/sitenoticiasvc1\/wp-json\/wp\/v2\/tags?post=31025"}],"curies":[{"name":"wp","href":"https:\/\/api.w.org\/{rel}","templated":true}]}}