{"id":31029,"date":"2022-01-29T17:09:15","date_gmt":"2022-01-29T20:09:15","guid":{"rendered":"https:\/\/pageup-solutions.com\/sitenoticiasv14\/governo-libera-mais-r-418-milhoes-para-rodovias-atingidas-por-chuvas\/"},"modified":"2022-01-29T17:09:15","modified_gmt":"2022-01-29T20:09:15","slug":"governo-libera-mais-r-418-milhoes-para-rodovias-atingidas-por-chuvas","status":"publish","type":"post","link":"https:\/\/pageup-solutions.com\/sitenoticiasvc1\/governo-libera-mais-r-418-milhoes-para-rodovias-atingidas-por-chuvas\/","title":{"rendered":"Governo libera mais R$ 418 milh\u00f5es para rodovias atingidas por chuvas"},"content":{"rendered":"<div>\n<p>O presidente da Rep\u00fablica em exerc\u00edcio, Hamilton Mour\u00e3o, editou medida provis\u00f3ria (MP) nesta quinta-feira (20) que abre cr\u00e9dito extraordin\u00e1rio no valor de R$ 418 milh\u00f5es para o Minist\u00e9rio da Infraestrutura. Os recursos ser\u00e3o usados a recupera\u00e7\u00e3o de rodovias atingidas pelas chuvas em 14 estados: Acre, Amazonas, Bahia, Esp\u00edrito Santo, Goi\u00e1s, Maranh\u00e3o, Minas Gerais, Mato Grosso, Par\u00e1, Piau\u00ed, Rio de Janeiro, Rond\u00f4nia, S\u00e3o Paulo e Tocantins.<img decoding=\"async\" src=\"https:\/\/pageup-solutions.com\/sitenoticiasvc1\/wp-content\/uploads\/ebc.png61f59f0ecff1c.png?id=1437904&#038;o=node\"><\/img><img decoding=\"async\" src=\"https:\/\/pageup-solutions.com\/sitenoticiasvc1\/wp-content\/uploads\/ebc.gif61f59f0f07248.png?id=1437904&#038;o=node\"><\/img><\/p>\n<p>No fim de dezembro, o governo federal <a href=\"https:\/\/agenciabrasil.ebc.com.br\/geral\/noticia\/2021-12\/chuvas-governo-libera-r-200-milhoes-para-reconstrucao-de-estradas\" target=\"_blank\" rel=\"noopener\">liberou R$ 200 milh\u00f5es<\/a>\u00a0para a recupera\u00e7\u00e3o de rodovias em diversos estados, principalmente Bahia e Minas Gerais, que registram, at\u00e9 agora, a maior extens\u00e3o de estradas danificadas.\u00a0<\/p>\n<p>O pr\u00f3prio presidente Jair Bolsonaro, que est\u00e1 em <a href=\"https:\/\/agenciabrasil.ebc.com.br\/politica\/noticia\/2022-01\/brasil-oferece-apoio-da-petrobras-exploracao-de-petroleo-no-suriname\" target=\"_blank\" rel=\"noopener\">visita oficial ao Suriname<\/a>, anunciou a libera\u00e7\u00e3o dos recursos durante sua <em>live <\/em>semanal, transmitida pelas redes sociais. De acordo com o ministro da Infraestrutura, Tarc\u00edsio Freitas, que tamb\u00e9m participou da live, o governo mapeou a maior parte das rodovias danificadas pelas chuvas e enchentes ocorridas nas \u00faltimas semanas.\u00a0<\/p>\n<p>&#8220;J\u00e1 mapeamos todas as situa\u00e7\u00f5es, temos contratos para a maioria dessas situa\u00e7\u00f5es. E aquelas que n\u00e3o temos [contrato] estamos na fase final para estabelecer essa contrata\u00e7\u00e3o. Alguns problemas s\u00e3o mais simples de resolver e v\u00e3o levar a\u00ed umas 48 horas, mas outros s\u00e3o mais complexos e podem levar algumas semanas&#8221;, disse o ministro.\u00a0<\/p>\n<h2>Desenvolvimento Regional<\/h2>\n<p>Outra medida provis\u00f3ria editada nesta quinta-feira abre cr\u00e9dito extraordin\u00e1rio de R$ 550 milh\u00f5es para a\u00e7\u00f5es do Minist\u00e9rio do Desenvolvimento Regional no enfrentamento das consequ\u00eancias das fortes chuvas e tamb\u00e9m no apoio a estados que vem sofrendo com a seca na Regi\u00e3o Sul do pa\u00eds.<\/p>\n<p>Segundo o governo federal, esse cr\u00e9dito vai atender despesas relacionadas a socorro, assist\u00eancia \u00e0s v\u00edtimas, fornecimento de \u00e1gua pot\u00e1vel, cestas b\u00e1sicas, material de higiene e limpeza, combust\u00edvel e dormit\u00f3rios e colch\u00f5es para os desabrigados. Tamb\u00e9m ser\u00e3o usados no apoio a\u00e9reo para o resgate da popula\u00e7\u00e3o atingida, transporte de medicamentos e equipamentos e restabelecimento de servi\u00e7os essenciais, tendo em vista que muitas \u00e1reas ainda est\u00e3o isoladas.<br \/><\/br> \u00a0\u00a0 \u00a0<br \/><\/br> J\u00e1 em rela\u00e7\u00e3o \u00e0 estiagem na Regi\u00e3o Sul, o cr\u00e9dito ser\u00e1 direcionado para a aquisi\u00e7\u00e3o de cestas b\u00e1sicas, loca\u00e7\u00e3o de carros-pipa, gastos com combust\u00edvel, entre outras medidas.<\/p>\n<\/p><\/div>\n","protected":false},"excerpt":{"rendered":"<p>O presidente da Rep\u00fablica em exerc\u00edcio, Hamilton Mour\u00e3o, editou medida provis\u00f3ria (MP) nesta quinta-feira (20) que abre cr\u00e9dito extraordin\u00e1rio no [&hellip;]<\/p>\n","protected":false},"author":1,"featured_media":31030,"comment_status":"closed","ping_status":"closed","sticky":false,"template":"","format":"standard","meta":{"footnotes":""},"categories":[344,354],"tags":[376,419,421,434,452,459],"class_list":["post-31029","post","type-post","status-publish","format-standard","has-post-thumbnail","hentry","category-economia","category-politica","tag-chuvas","tag-ministerio-da-infraestrutura","tag-ministerio-do-desenvolvimento-regional","tag-politica","tag-rodovias","tag-seca-no-sul"],"_links":{"self":[{"href":"https:\/\/pageup-solutions.com\/sitenoticiasvc1\/wp-json\/wp\/v2\/posts\/31029","targetHints":{"allow":["GET"]}}],"collection":[{"href":"https:\/\/pageup-solutions.com\/sitenoticiasvc1\/wp-json\/wp\/v2\/posts"}],"about":[{"href":"https:\/\/pageup-solutions.com\/sitenoticiasvc1\/wp-json\/wp\/v2\/types\/post"}],"author":[{"embeddable":true,"href":"https:\/\/pageup-solutions.com\/sitenoticiasvc1\/wp-json\/wp\/v2\/users\/1"}],"replies":[{"embeddable":true,"href":"https:\/\/pageup-solutions.com\/sitenoticiasvc1\/wp-json\/wp\/v2\/comments?post=31029"}],"version-history":[{"count":0,"href":"https:\/\/pageup-solutions.com\/sitenoticiasvc1\/wp-json\/wp\/v2\/posts\/31029\/revisions"}],"wp:featuredmedia":[{"embeddable":true,"href":"https:\/\/pageup-solutions.com\/sitenoticiasvc1\/wp-json\/wp\/v2\/media\/31030"}],"wp:attachment":[{"href":"https:\/\/pageup-solutions.com\/sitenoticiasvc1\/wp-json\/wp\/v2\/media?parent=31029"}],"wp:term":[{"taxonomy":"category","embeddable":true,"href":"https:\/\/pageup-solutions.com\/sitenoticiasvc1\/wp-json\/wp\/v2\/categories?post=31029"},{"taxonomy":"post_tag","embeddable":true,"href":"https:\/\/pageup-solutions.com\/sitenoticiasvc1\/wp-json\/wp\/v2\/tags?post=31029"}],"curies":[{"name":"wp","href":"https:\/\/api.w.org\/{rel}","templated":true}]}}