{"id":31045,"date":"2022-01-31T12:02:31","date_gmt":"2022-01-31T15:02:31","guid":{"rendered":"https:\/\/pageup-solutions.com\/sitenoticiasv14\/indicador-ipea-registra-recuo-de-16-nos-investimentos-em-novembro\/"},"modified":"2022-01-31T12:02:31","modified_gmt":"2022-01-31T15:02:31","slug":"indicador-ipea-registra-recuo-de-16-nos-investimentos-em-novembro","status":"publish","type":"post","link":"https:\/\/pageup-solutions.com\/sitenoticiasvc1\/indicador-ipea-registra-recuo-de-16-nos-investimentos-em-novembro\/","title":{"rendered":"Indicador Ipea registra recuo de 1,6% nos investimentos em novembro"},"content":{"rendered":"<p>O Indicador Mensal de Forma\u00e7\u00e3o Bruta de Capital Fixo (FBCF), que s\u00e3o os investimentos, apontou recuo de 1,6% em novembro frente a outubro de 2021, na s\u00e9rie com ajuste sazonal. Com esse resultado, o trimestre m\u00f3vel terminado em novembro apresentou recuo de 2,1%. Em rela\u00e7\u00e3o aos mesmos per\u00edodos de 2020, em novembro verificou-se expans\u00e3o de 5,8% e, no trimestre m\u00f3vel, houve crescimento de 9,9%.<img decoding=\"async\" src=\"https:\/\/pageup-solutions.com\/sitenoticiasvc1\/wp-content\/uploads\/ebc.png61f7fa118889a.png?id=1439525&#038;o=rss\"><img decoding=\"async\" src=\"https:\/\/pageup-solutions.com\/sitenoticiasvc1\/wp-content\/uploads\/ebc.gif61f7fa13cd2e4.png?id=1439525&#038;o=rss\"><\/p>\n<p>O indicador foi divulgado hoje (31) pelo Instituto de Pesquisa Econ\u00f4mica Aplicada (Ipea).<\/p>\n<p>No resultado acumulado em 12 meses encerrados em novembro, os investimentos tiveram expans\u00e3o de 21,1%. No ano, a alta acumulada \u00e9 de 19,7%.<\/p>\n<p>A FBCF \u00e9 composta por m\u00e1quinas e equipamentos, constru\u00e7\u00e3o civil e outros ativos fixos. A evolu\u00e7\u00e3o do indicador representa o aumento da capacidade produtiva da economia e a reposi\u00e7\u00e3o da deprecia\u00e7\u00e3o do estoque de capital fixo.<\/p>\n<p>O consumo aparente de m\u00e1quinas e equipamentos apresentou recuo de 3,8% em novembro e encerrou o trimestre m\u00f3vel com queda de 4,5%. A produ\u00e7\u00e3o de m\u00e1quinas e equipamentos destinados ao mercado interno caiu 1,9% em novembro e a importa\u00e7\u00e3o diminuiu 5,6% no mesmo per\u00edodo.<\/p>\n<p>Segundo o Ipea, as importa\u00e7\u00f5es tamb\u00e9m tiveram redu\u00e7\u00e3o de 1% no trimestre m\u00f3vel, enquanto a produ\u00e7\u00e3o nacional encerrou o mesmo per\u00edodo com queda de 2,5%. No acumulado em 12 meses, o investimento em m\u00e1quinas e equipamentos registrou um aumento 27,9%.<\/p>\n<p>Os investimentos em constru\u00e7\u00e3o civil, por sua vez, recuaram 0,3% em novembro na s\u00e9rie dessazonalizada. Ainda assim,\u00a0 o setor fechou o trimestre m\u00f3vel com expans\u00e3o de 2,4%.<\/p>\n<p>\u201cEm compara\u00e7\u00e3o com o ano de 2020, verificou-se desempenho positivo de forma generalizada. O destaque ficou por conta do componente de m\u00e1quinas e equipamentos, que avan\u00e7ou para patamar 11,2% superior ao de novembro de 2020. Enquanto o componente de outros ativos fixos aumentou 6,1%, a constru\u00e7\u00e3o civil teve crescimento de 5,1%. Na compara\u00e7\u00e3o trimestral, os resultados tamb\u00e9m foram positivos\u201d, diz o Ipea.<\/p>\n","protected":false},"excerpt":{"rendered":"<p>O Indicador Mensal de Forma\u00e7\u00e3o Bruta de Capital Fixo (FBCF), que s\u00e3o os investimentos, apontou recuo de 1,6% em novembro [&hellip;]<\/p>\n","protected":false},"author":1,"featured_media":31046,"comment_status":"open","ping_status":"open","sticky":false,"template":"","format":"standard","meta":{"footnotes":""},"categories":[344],"tags":[],"class_list":["post-31045","post","type-post","status-publish","format-standard","has-post-thumbnail","hentry","category-economia"],"_links":{"self":[{"href":"https:\/\/pageup-solutions.com\/sitenoticiasvc1\/wp-json\/wp\/v2\/posts\/31045","targetHints":{"allow":["GET"]}}],"collection":[{"href":"https:\/\/pageup-solutions.com\/sitenoticiasvc1\/wp-json\/wp\/v2\/posts"}],"about":[{"href":"https:\/\/pageup-solutions.com\/sitenoticiasvc1\/wp-json\/wp\/v2\/types\/post"}],"author":[{"embeddable":true,"href":"https:\/\/pageup-solutions.com\/sitenoticiasvc1\/wp-json\/wp\/v2\/users\/1"}],"replies":[{"embeddable":true,"href":"https:\/\/pageup-solutions.com\/sitenoticiasvc1\/wp-json\/wp\/v2\/comments?post=31045"}],"version-history":[{"count":0,"href":"https:\/\/pageup-solutions.com\/sitenoticiasvc1\/wp-json\/wp\/v2\/posts\/31045\/revisions"}],"wp:featuredmedia":[{"embeddable":true,"href":"https:\/\/pageup-solutions.com\/sitenoticiasvc1\/wp-json\/wp\/v2\/media\/31046"}],"wp:attachment":[{"href":"https:\/\/pageup-solutions.com\/sitenoticiasvc1\/wp-json\/wp\/v2\/media?parent=31045"}],"wp:term":[{"taxonomy":"category","embeddable":true,"href":"https:\/\/pageup-solutions.com\/sitenoticiasvc1\/wp-json\/wp\/v2\/categories?post=31045"},{"taxonomy":"post_tag","embeddable":true,"href":"https:\/\/pageup-solutions.com\/sitenoticiasvc1\/wp-json\/wp\/v2\/tags?post=31045"}],"curies":[{"name":"wp","href":"https:\/\/api.w.org\/{rel}","templated":true}]}}