{"id":31073,"date":"2022-01-31T12:02:24","date_gmt":"2022-01-31T15:02:24","guid":{"rendered":"https:\/\/pageup-solutions.com\/sitenoticiasv14\/presidente-diz-que-enviara-pec-de-combustiveis-na-semana-que-vem\/"},"modified":"2022-01-31T12:02:24","modified_gmt":"2022-01-31T15:02:24","slug":"presidente-diz-que-enviara-pec-de-combustiveis-na-semana-que-vem","status":"publish","type":"post","link":"https:\/\/pageup-solutions.com\/sitenoticiasvc1\/presidente-diz-que-enviara-pec-de-combustiveis-na-semana-que-vem\/","title":{"rendered":"Presidente diz que enviar\u00e1 PEC de combust\u00edveis na semana que vem"},"content":{"rendered":"<p>O presidente Jair Bolsonaro disse hoje (29) que o governo deve enviar na pr\u00f3xima semana uma proposta de emenda constitucional (PEC) ao Congresso para zerar o imposto federal que incide sobre o diesel.<img decoding=\"async\" src=\"https:\/\/pageup-solutions.com\/sitenoticiasvc1\/wp-content\/uploads\/ebc.png61f7fa3888bbc.png?id=1439407&#038;o=rss\"><img decoding=\"async\" src=\"https:\/\/pageup-solutions.com\/sitenoticiasvc1\/wp-content\/uploads\/ebc.gif61f7fa3a55231.png?id=1439407&#038;o=rss\"><\/p>\n<p>Segundo o presidente, a medida \u00e9 necess\u00e1ria para que o corte seja realizado sem indicar uma fonte de recurso para compensar a perda na arrecada\u00e7\u00e3o dos impostos.<\/p>\n<p>A proposta \u00e9 discutida como uma das medidas para conter o aumento dos combust\u00edveis. Pela legisla\u00e7\u00e3o fiscal, uma fonte compensat\u00f3ria deve ser indicada pelo governo no caso de ren\u00fancia de receitas.<\/p>\n<p>\u201cN\u00f3s vamos entrar com uma PEC na semana que vem pedindo ao Congresso que me d\u00ea autoriza\u00e7\u00e3o para zerar o imposto de diesel sem fonte compensadora\u201d, afirmou.<\/p>\n<p>Na semana passada, o presidente anunciou a PEC para conter o pre\u00e7o dos combust\u00edveis. Desde ent\u00e3o, a discuss\u00e3o est\u00e1 em torno do alcance da medida.<\/p>\n<p>Embora o texto da emenda n\u00e3o tenha sido divulgado, os alvos da redu\u00e7\u00e3o seriam os tributos federais que comp\u00f5em o pre\u00e7o dos combust\u00edveis. Contudo, os impostos estaduais e o valor cobrado pela Petrobras continuariam no pre\u00e7o final.<\/p>\n","protected":false},"excerpt":{"rendered":"<p>O presidente Jair Bolsonaro disse hoje (29) que o governo deve enviar na pr\u00f3xima semana uma proposta de emenda constitucional [&hellip;]<\/p>\n","protected":false},"author":1,"featured_media":31074,"comment_status":"open","ping_status":"open","sticky":false,"template":"","format":"standard","meta":{"footnotes":""},"categories":[344],"tags":[],"class_list":["post-31073","post","type-post","status-publish","format-standard","has-post-thumbnail","hentry","category-economia"],"_links":{"self":[{"href":"https:\/\/pageup-solutions.com\/sitenoticiasvc1\/wp-json\/wp\/v2\/posts\/31073","targetHints":{"allow":["GET"]}}],"collection":[{"href":"https:\/\/pageup-solutions.com\/sitenoticiasvc1\/wp-json\/wp\/v2\/posts"}],"about":[{"href":"https:\/\/pageup-solutions.com\/sitenoticiasvc1\/wp-json\/wp\/v2\/types\/post"}],"author":[{"embeddable":true,"href":"https:\/\/pageup-solutions.com\/sitenoticiasvc1\/wp-json\/wp\/v2\/users\/1"}],"replies":[{"embeddable":true,"href":"https:\/\/pageup-solutions.com\/sitenoticiasvc1\/wp-json\/wp\/v2\/comments?post=31073"}],"version-history":[{"count":0,"href":"https:\/\/pageup-solutions.com\/sitenoticiasvc1\/wp-json\/wp\/v2\/posts\/31073\/revisions"}],"wp:featuredmedia":[{"embeddable":true,"href":"https:\/\/pageup-solutions.com\/sitenoticiasvc1\/wp-json\/wp\/v2\/media\/31074"}],"wp:attachment":[{"href":"https:\/\/pageup-solutions.com\/sitenoticiasvc1\/wp-json\/wp\/v2\/media?parent=31073"}],"wp:term":[{"taxonomy":"category","embeddable":true,"href":"https:\/\/pageup-solutions.com\/sitenoticiasvc1\/wp-json\/wp\/v2\/categories?post=31073"},{"taxonomy":"post_tag","embeddable":true,"href":"https:\/\/pageup-solutions.com\/sitenoticiasvc1\/wp-json\/wp\/v2\/tags?post=31073"}],"curies":[{"name":"wp","href":"https:\/\/api.w.org\/{rel}","templated":true}]}}