{"id":31095,"date":"2022-02-01T08:43:04","date_gmt":"2022-02-01T11:43:04","guid":{"rendered":"https:\/\/pageup-solutions.com\/sitenoticiasv14\/pf-conclui-que-presidente-nao-cometeu-crime-no-caso-covaxin\/"},"modified":"2022-02-01T08:43:04","modified_gmt":"2022-02-01T11:43:04","slug":"pf-conclui-que-presidente-nao-cometeu-crime-no-caso-covaxin","status":"publish","type":"post","link":"https:\/\/pageup-solutions.com\/sitenoticiasvc1\/pf-conclui-que-presidente-nao-cometeu-crime-no-caso-covaxin\/","title":{"rendered":"PF conclui que presidente n\u00e3o cometeu crime no caso Covaxin"},"content":{"rendered":"<div>\n<p>A Pol\u00edcia Federal (PF) enviou\u00a0hoje\u00a0(31) ao Supremo Tribunal Federal (STF) o relat\u00f3rio final sobre o inqu\u00e9rito aberto para apurar a conduta do presidente Jair Bolsonaro no caso da negocia\u00e7\u00e3o para compra da vacina Covaxin. O documento diz que o presidente n\u00e3o cometeu\u00a0crime de prevarica\u00e7\u00e3o. \u201cN\u00e3o h\u00e1 materialidade, n\u00e3o h\u00e1 crime\u201d, concluiu a PF.\u00a0<img decoding=\"async\" src=\"https:\/\/pageup-solutions.com\/sitenoticiasvc1\/wp-content\/uploads\/ebc.png61f91ccf7e266.png?id=1439581&#038;o=node\"><\/img><img decoding=\"async\" src=\"https:\/\/pageup-solutions.com\/sitenoticiasvc1\/wp-content\/uploads\/ebc.gif61f91ccfa4622.png?id=1439581&#038;o=node\"><\/img><\/p>\n<p>A investiga\u00e7\u00e3o foi aberta em julho do ano passado pela ministra Rosa Weber. A medida atendeu ao pedido da Procuradoria-Geral da Rep\u00fablica (PGR) e foi motivada por not\u00edcia-crime\u00a0protocolada no STF pelos senadores Randolfe Rodrigues (Rede-AP), Jorge Kajuru (Podemos-GO) e Fabiano Contarato (Rede-ES).\u00a0<\/p>\n<p>Os parlamentares pediram a apura\u00e7\u00e3o do crime de prevarica\u00e7\u00e3o. A iniciativa dos senadores foi tomada ap\u00f3s o depoimento de Luis Ricardo Miranda, servidor do Minist\u00e9rio da Sa\u00fade, \u00e0 CPI da Pandemia.\u00a0<\/p>\n<p>Ele afirmou\u00a0ter\u00a0sofrido press\u00e3o incomum de seus superiores para finalizar a tramita\u00e7\u00e3o da compra da Covaxin, al\u00e9m de\u00a0ter\u00a0conhecimento de supostas irregularidades no processo.<\/p>\n<p>O servidor \u00e9 irm\u00e3o do deputado Luis Miranda (DEM-DF), a quem disse\u00a0ter\u00a0relatado o caso. \u00c0 CPI, o parlamentar disse\u00a0ter\u00a0levado o relato do irm\u00e3o at\u00e9 o presidente Jair Bolsonaro, em mar\u00e7o de 2021, mas que nenhuma provid\u00eancia teria sido tomada.\u00a0<\/p>\n<p>Em junho do ano passado, o Minist\u00e9rio da Sa\u00fade suspendeu o contrato de compra da vacina indiana, por orienta\u00e7\u00e3o da Controladoria-Geral da Uni\u00e3o (CGU), dias depois dos depoimentos dos irm\u00e3os Miranda. Na ocasi\u00e3o, Bolsonaro declarou que a suspens\u00e3o foi feita devido aos controles governamentais.\u00a0<\/p>\n<p>No relat\u00f3rio final, a Policia Federal argumenta que alguns agentes p\u00fablicos t\u00eam o dever de comunicar a pr\u00e1tica de il\u00edcitos \u00e0s autoridades competentes. No entanto, a obriga\u00e7\u00e3o deve estar prevista em lei como dever funcional do ocupante do cargo p\u00fablico para caracterizar o crime de prevarica\u00e7\u00e3o.\u00a0<\/p>\n<p>\u201cPor isso, neste caso, ausente o dever funcional do presidente da Rep\u00fablica, Jair Messias Bolsonaro, de comunicar eventuais irregularidades de que tenha tido conhecimento &#8211; e das quais n\u00e3o fa\u00e7a parte como coautor ou part\u00edcipe &#8211;\u00a0aos \u00f3rg\u00e3os de investiga\u00e7\u00e3o, como a Pol\u00edcia Federal, ou de fiscaliza\u00e7\u00e3o, n\u00e3o est\u00e1 presente o ato de of\u00edcio\u201d, concluiu a PF.\u00a0<\/p>\n<p>Com a finaliza\u00e7\u00e3o da investiga\u00e7\u00e3o e a entrega do relat\u00f3rio ao STF, o inqu\u00e9rito deve ser enviado \u00e0 PGR para parecer. Em seguida, caber\u00e1 \u00e0\u00a0ministra Rosa Weber, relatora do caso, decidir sobre o arquivamento ou prosseguimento da apura\u00e7\u00e3o.\u00a0<\/p>\n<\/p><\/div>\n","protected":false},"excerpt":{"rendered":"<p>A Pol\u00edcia Federal (PF) enviou\u00a0hoje\u00a0(31) ao Supremo Tribunal Federal (STF) o relat\u00f3rio final sobre o inqu\u00e9rito aberto para apurar a [&hellip;]<\/p>\n","protected":false},"author":1,"featured_media":31096,"comment_status":"closed","ping_status":"closed","sticky":false,"template":"","format":"standard","meta":{"footnotes":""},"categories":[354],"tags":[382,409,433,434,438,470],"class_list":["post-31095","post","type-post","status-publish","format-standard","has-post-thumbnail","hentry","category-politica","tag-covaxin","tag-jair-bolsonaro","tag-policia-federal","tag-politica","tag-prevaricacao","tag-vacina"],"_links":{"self":[{"href":"https:\/\/pageup-solutions.com\/sitenoticiasvc1\/wp-json\/wp\/v2\/posts\/31095","targetHints":{"allow":["GET"]}}],"collection":[{"href":"https:\/\/pageup-solutions.com\/sitenoticiasvc1\/wp-json\/wp\/v2\/posts"}],"about":[{"href":"https:\/\/pageup-solutions.com\/sitenoticiasvc1\/wp-json\/wp\/v2\/types\/post"}],"author":[{"embeddable":true,"href":"https:\/\/pageup-solutions.com\/sitenoticiasvc1\/wp-json\/wp\/v2\/users\/1"}],"replies":[{"embeddable":true,"href":"https:\/\/pageup-solutions.com\/sitenoticiasvc1\/wp-json\/wp\/v2\/comments?post=31095"}],"version-history":[{"count":0,"href":"https:\/\/pageup-solutions.com\/sitenoticiasvc1\/wp-json\/wp\/v2\/posts\/31095\/revisions"}],"wp:featuredmedia":[{"embeddable":true,"href":"https:\/\/pageup-solutions.com\/sitenoticiasvc1\/wp-json\/wp\/v2\/media\/31096"}],"wp:attachment":[{"href":"https:\/\/pageup-solutions.com\/sitenoticiasvc1\/wp-json\/wp\/v2\/media?parent=31095"}],"wp:term":[{"taxonomy":"category","embeddable":true,"href":"https:\/\/pageup-solutions.com\/sitenoticiasvc1\/wp-json\/wp\/v2\/categories?post=31095"},{"taxonomy":"post_tag","embeddable":true,"href":"https:\/\/pageup-solutions.com\/sitenoticiasvc1\/wp-json\/wp\/v2\/tags?post=31095"}],"curies":[{"name":"wp","href":"https:\/\/api.w.org\/{rel}","templated":true}]}}