{"id":31099,"date":"2022-02-01T08:43:07","date_gmt":"2022-02-01T11:43:07","guid":{"rendered":"https:\/\/pageup-solutions.com\/sitenoticiasv14\/rj-petrobras-inicia-testes-com-gas-natural-em-polo-em-itaborai\/"},"modified":"2022-02-01T08:43:07","modified_gmt":"2022-02-01T11:43:07","slug":"rj-petrobras-inicia-testes-com-gas-natural-em-polo-em-itaborai","status":"publish","type":"post","link":"https:\/\/pageup-solutions.com\/sitenoticiasvc1\/rj-petrobras-inicia-testes-com-gas-natural-em-polo-em-itaborai\/","title":{"rendered":"RJ: Petrobras inicia testes com g\u00e1s natural em polo em Itabora\u00ed"},"content":{"rendered":"<p>O presidente Jair Bolsonaro participou na manh\u00e3 desta segunda-feira (31) da cerim\u00f4nia que marcou o in\u00edcio da fase final de testes operacionais do Polo GasLub, em Itabora\u00ed, no estado do Rio de Janeiro. Bolsonaro estava acompanhado do presidente da Petrobras, Joaquim Silva e Luna, do governador do Rio de Janeiro, Cl\u00e1udio Castro, do ministro de Minas e Energia, Bento Albuquerque, e do prefeito da cidade, Marcelo Delaroli.<img decoding=\"async\" src=\"https:\/\/pageup-solutions.com\/sitenoticiasvc1\/wp-content\/uploads\/ebc.png61f91cd32a2e6.png?id=1439643&#038;o=rss\"><img decoding=\"async\" src=\"https:\/\/pageup-solutions.com\/sitenoticiasvc1\/wp-content\/uploads\/ebc.gif61f91cd35f4b0.png?id=1439643&#038;o=rss\"><\/p>\n<p>O presidente da Petrobras, Joaquim Silva e Luna, ressaltou a import\u00e2ncia do trabalho desenvolvido pelo governo federal que permitiu recuperar o complexo petroqu\u00edmico. \u201cMais que um conjunto de instala\u00e7\u00f5es e de unidades de processamento, estamos tratando de um projeto multiprop\u00f3sito de grande valor estrat\u00e9gico para o Brasil, que contribuir\u00e1 para uma maior seguran\u00e7a energ\u00e9tica nacional\u201d, destacou Silva e Luna em discurso no evento.<\/p>\n<p>Quando estiver em pleno funcionamento, o Polo Gaslub vai processar diariamente 21 milh\u00f5es de metros c\u00fabicos (m\u00b3) de g\u00e1s do pr\u00e9-sal da Bacia de Santos, o que representa 20% do consumo nacional.<\/p>\n<p>A entrada de g\u00e1s natural no polo ocorre por meio do gasoduto Guapimirim-Comperj I (Gaserj) e viabiliza o in\u00edcio das opera\u00e7\u00f5es dos sistemas de utilidades, principalmente da Unidade de Gera\u00e7\u00e3o e Distribui\u00e7\u00e3o de Vapor. Segundo a Petrobras, esses sistemas v\u00e3o garantir o fornecimento das instala\u00e7\u00f5es e equipamentos necess\u00e1rios para a entrada em opera\u00e7\u00e3o da Unidade de Processamento de G\u00e1s Natural (UPGN) prevista para 2022.\u00a0<\/p>\n<p>O Gaslub vai reduzir a importa\u00e7\u00e3o do g\u00e1s natural e vai gerar mais seguran\u00e7a energ\u00e9tica para o pa\u00eds. O ministro de Minas e Energia, Bento Albuquerque, disse que nos \u00faltimos anos a Petrobras conseguiu aumentar a produ\u00e7\u00e3o de petr\u00f3leo e g\u00e1s. \u201cSe hoje o mundo vive uma crise entre oferta e demanda, n\u00f3s, presidente, aumentamos as exporta\u00e7\u00f5es de petr\u00f3leo do pa\u00eds por conta do aumento de produ\u00e7\u00e3o em\u00a0 286%. Isso em dois anos de pandemia\u201d. Ainda conforme o ministro, o p\u00f3lo aumentar\u00e1 a capacidade de escoamento de g\u00e1s do pr\u00e9-sal brasileiro.<\/p>\n<p>O diretor executivo de Relacionamento Institucional e Sustentabilidade da Petrobr\u00e1s, Rafael Chaves Santos, disse que os investimentos na estatal est\u00e3o sendo retomados. \u201cEssa corrup\u00e7\u00e3o toda do passado afugentou os investimentos do pa\u00eds.\u201d Segundo ele, o Brasil teve em 2021 o primeiro investimento relevante no refino brasileiro.<\/p>\n","protected":false},"excerpt":{"rendered":"<p>O presidente Jair Bolsonaro participou na manh\u00e3 desta segunda-feira (31) da cerim\u00f4nia que marcou o in\u00edcio da fase final de [&hellip;]<\/p>\n","protected":false},"author":1,"featured_media":31100,"comment_status":"open","ping_status":"open","sticky":false,"template":"","format":"standard","meta":{"footnotes":""},"categories":[344],"tags":[],"class_list":["post-31099","post","type-post","status-publish","format-standard","has-post-thumbnail","hentry","category-economia"],"_links":{"self":[{"href":"https:\/\/pageup-solutions.com\/sitenoticiasvc1\/wp-json\/wp\/v2\/posts\/31099","targetHints":{"allow":["GET"]}}],"collection":[{"href":"https:\/\/pageup-solutions.com\/sitenoticiasvc1\/wp-json\/wp\/v2\/posts"}],"about":[{"href":"https:\/\/pageup-solutions.com\/sitenoticiasvc1\/wp-json\/wp\/v2\/types\/post"}],"author":[{"embeddable":true,"href":"https:\/\/pageup-solutions.com\/sitenoticiasvc1\/wp-json\/wp\/v2\/users\/1"}],"replies":[{"embeddable":true,"href":"https:\/\/pageup-solutions.com\/sitenoticiasvc1\/wp-json\/wp\/v2\/comments?post=31099"}],"version-history":[{"count":0,"href":"https:\/\/pageup-solutions.com\/sitenoticiasvc1\/wp-json\/wp\/v2\/posts\/31099\/revisions"}],"wp:featuredmedia":[{"embeddable":true,"href":"https:\/\/pageup-solutions.com\/sitenoticiasvc1\/wp-json\/wp\/v2\/media\/31100"}],"wp:attachment":[{"href":"https:\/\/pageup-solutions.com\/sitenoticiasvc1\/wp-json\/wp\/v2\/media?parent=31099"}],"wp:term":[{"taxonomy":"category","embeddable":true,"href":"https:\/\/pageup-solutions.com\/sitenoticiasvc1\/wp-json\/wp\/v2\/categories?post=31099"},{"taxonomy":"post_tag","embeddable":true,"href":"https:\/\/pageup-solutions.com\/sitenoticiasvc1\/wp-json\/wp\/v2\/tags?post=31099"}],"curies":[{"name":"wp","href":"https:\/\/api.w.org\/{rel}","templated":true}]}}