{"id":31128,"date":"2022-02-02T15:28:54","date_gmt":"2022-02-02T18:28:54","guid":{"rendered":"https:\/\/pageup-solutions.com\/sitenoticiasv14\/congresso-retoma-atividades-nesta-quarta-feira\/"},"modified":"2022-02-02T15:28:54","modified_gmt":"2022-02-02T18:28:54","slug":"congresso-retoma-atividades-nesta-quarta-feira","status":"publish","type":"post","link":"https:\/\/pageup-solutions.com\/sitenoticiasvc1\/congresso-retoma-atividades-nesta-quarta-feira\/","title":{"rendered":"Congresso retoma atividades nesta quarta-feira"},"content":{"rendered":"<div>\n<p>Com a presen\u00e7a dos presidentes Jair Bolsonaro, Luiz Fux, do Supremo Tribunal Federal, e do procurador-geral da Rep\u00fablica, Augusto Aras, uma sess\u00e3o solene no plen\u00e1rio da C\u00e2mara dar\u00e1 in\u00edcio nesta\u00a0quarta-feira (2), \u00e0s 16h,\u00a0ao ano legislativo no Congresso Nacional.\u00a0A\u00a0cerim\u00f4nia ser\u00e1 semipresencial, com a participa\u00e7\u00e3o de deputados e senadores presencialmente ou por videoconfer\u00eancia. Segundo a organiza\u00e7\u00e3o do evento, o uso de m\u00e1scaras nas depend\u00eancias do Congresso \u00e9 obrigat\u00f3rio. Tamb\u00e9m ser\u00e3o observados aspectos como a diminui\u00e7\u00e3o no quantitativo da equipe de trabalho, distanciamento social, disponibiliza\u00e7\u00e3o de \u00e1lcool em gel.<img decoding=\"async\" src=\"https:\/\/pageup-solutions.com\/sitenoticiasvc1\/wp-content\/uploads\/ebc.png61facd66605eb.png?id=1439899&#038;o=node\"><\/img><img decoding=\"async\" src=\"https:\/\/pageup-solutions.com\/sitenoticiasvc1\/wp-content\/uploads\/ebc.gif61facd66a4a91.png?id=1439899&#038;o=node\"><\/img><\/p>\n<h2>Rito<\/h2>\n<p>Como todos os anos, a sess\u00e3o, coordenada pelo presidente do Congresso, senador Rodrigo Pacheco (PSD-MG), come\u00e7ar\u00e1 com a leitura da mensagem presidencial. Nela, Bolsonaro deve fazer um balan\u00e7o de seu mandato, das a\u00e7\u00f5es adotadas\u00a0durante a pandemia e indicar as prioridades do governo federal para este ano. Em seguida, discursar\u00e3o os presidentes do STF, da C\u00e2mara, Arthur Lira ( PP-AL) e, por \u00faltimo, do Senado, Rodrigo Pacheco.<\/p>\n<p>Tradicionalmente, a cerim\u00f4nia de abertura dos trabalhos segue protocolo que prev\u00ea, antes da sess\u00e3o, a execu\u00e7\u00e3o do Hino Nacional pela banda do Batalh\u00e3o da Guarda Presidencial, ao mesmo tempo em que \u00e9 hasteada a Bandeira\u00a0do Brasil no Senado e na C\u00e2mara e realizada salva de 21 tiros de canh\u00e3o pelo 32\u00ba Grupo de Artilharia de Campanha (Bateria Caiena), do Ex\u00e9rcito. Em seguida, o presidente do Senado e do Congresso, Rodrigo Pacheco, faz a revista \u00e0 tropa. Depois, Pacheco e o presidente da C\u00e2mara sobem a rampa do Congresso para receber o presidente da Rep\u00fablica, acompanhado pelo chefe do cerimonial da Presid\u00eancia do Senado. Se estiver chovendo, essa parte externa da cerim\u00f4nia ser\u00e1 cancelada.<\/p>\n<h2>Sess\u00f5es<\/h2>\n<p>Na C\u00e2mara, por causa do avan\u00e7o da variante \u00d4micron do novo coronav\u00edrus no pa\u00eds, os trabalhos ocorrer\u00e3o de forma remota\u00a0pelo menos\u00a0at\u00e9 o carnaval.\u00a0No Senado, que tem n\u00famero bem menor de parlamentares,\u00a0o formato ser\u00e1 semipresencial e reavaliado pelo presidente da Casa quando necess\u00e1rio.<\/p>\n<\/p><\/div>\n","protected":false},"excerpt":{"rendered":"<p>Com a presen\u00e7a dos presidentes Jair Bolsonaro, Luiz Fux, do Supremo Tribunal Federal, e do procurador-geral da Rep\u00fablica, Augusto Aras, [&hellip;]<\/p>\n","protected":false},"author":1,"featured_media":31129,"comment_status":"closed","ping_status":"closed","sticky":false,"template":"","format":"standard","meta":{"footnotes":""},"categories":[354],"tags":[360,367,380,434],"class_list":["post-31128","post","type-post","status-publish","format-standard","has-post-thumbnail","hentry","category-politica","tag-abertura","tag-ano-legislativo","tag-congresso-nacional","tag-politica"],"_links":{"self":[{"href":"https:\/\/pageup-solutions.com\/sitenoticiasvc1\/wp-json\/wp\/v2\/posts\/31128","targetHints":{"allow":["GET"]}}],"collection":[{"href":"https:\/\/pageup-solutions.com\/sitenoticiasvc1\/wp-json\/wp\/v2\/posts"}],"about":[{"href":"https:\/\/pageup-solutions.com\/sitenoticiasvc1\/wp-json\/wp\/v2\/types\/post"}],"author":[{"embeddable":true,"href":"https:\/\/pageup-solutions.com\/sitenoticiasvc1\/wp-json\/wp\/v2\/users\/1"}],"replies":[{"embeddable":true,"href":"https:\/\/pageup-solutions.com\/sitenoticiasvc1\/wp-json\/wp\/v2\/comments?post=31128"}],"version-history":[{"count":0,"href":"https:\/\/pageup-solutions.com\/sitenoticiasvc1\/wp-json\/wp\/v2\/posts\/31128\/revisions"}],"wp:featuredmedia":[{"embeddable":true,"href":"https:\/\/pageup-solutions.com\/sitenoticiasvc1\/wp-json\/wp\/v2\/media\/31129"}],"wp:attachment":[{"href":"https:\/\/pageup-solutions.com\/sitenoticiasvc1\/wp-json\/wp\/v2\/media?parent=31128"}],"wp:term":[{"taxonomy":"category","embeddable":true,"href":"https:\/\/pageup-solutions.com\/sitenoticiasvc1\/wp-json\/wp\/v2\/categories?post=31128"},{"taxonomy":"post_tag","embeddable":true,"href":"https:\/\/pageup-solutions.com\/sitenoticiasvc1\/wp-json\/wp\/v2\/tags?post=31128"}],"curies":[{"name":"wp","href":"https:\/\/api.w.org\/{rel}","templated":true}]}}