{"id":31132,"date":"2022-02-02T15:28:53","date_gmt":"2022-02-02T18:28:53","guid":{"rendered":"https:\/\/pageup-solutions.com\/sitenoticiasv14\/barroso-falou-sobre-seguranca-das-urnas-em-primeira-sessao-do-tse\/"},"modified":"2022-02-02T15:28:53","modified_gmt":"2022-02-02T18:28:53","slug":"barroso-falou-sobre-seguranca-das-urnas-em-primeira-sessao-do-tse","status":"publish","type":"post","link":"https:\/\/pageup-solutions.com\/sitenoticiasvc1\/barroso-falou-sobre-seguranca-das-urnas-em-primeira-sessao-do-tse\/","title":{"rendered":"Barroso falou sobre seguran\u00e7a das urnas em primeira sess\u00e3o do TSE"},"content":{"rendered":"<div>\n<p>O presidente do Tribunal Superior Eleitoral (TSE), ministro Roberto Barroso, abriu o ano legislativo da Corte, que chega ao nonag\u00e9simo ano em atividade, com uma longa fala dedicada principalmente a defender o sistema eleitoral brasileiro, a seguran\u00e7a das urnas eletr\u00f4nicas e o debate f\u00e9rtil de ideias ao longo deste ano eleitoral.<img decoding=\"async\" src=\"https:\/\/pageup-solutions.com\/sitenoticiasvc1\/wp-content\/uploads\/ebc.png61facd6ad593c.png?id=1439886&#038;o=node\"><\/img><img decoding=\"async\" src=\"https:\/\/pageup-solutions.com\/sitenoticiasvc1\/wp-content\/uploads\/ebc.gif61facd6b08bcf.png?id=1439886&#038;o=node\"><\/img><\/p>\n<p>Barroso afastou qualquer possibilidade de uma retomada da discuss\u00e3o sobre o voto impresso. \u201cN\u00e3o h\u00e1 qualquer sentido em se retomar a discuss\u00e3o sobre o voto impresso com contagem p\u00fablica manual para as elei\u00e7\u00f5es de 2022 como voltou a circular. Um retrocesso que j\u00e1 assombrou o pa\u00eds no ano passado e que volta e meia \u00e9 ressuscitado\u201d, lembrou que o <a href=\"https:\/\/agenciabrasil.ebc.com.br\/politica\/noticia\/2021-08\/camara-dos-deputados-rejeita-pec-do-voto-impresso\" target=\"_blank\" rel=\"noopener\">Congresso enterrou a discuss\u00e3o<\/a> da mat\u00e9ria\u00a0e o <a href=\"https:\/\/agenciabrasil.ebc.com.br\/justica\/noticia\/2020-09\/stf-declara-inconstitucional-impressao-do-voto-pela-urna-eletronica\" target=\"_blank\" rel=\"noopener\">Supremo Tribunal Federal considerou inconstitucional<\/a>\u00a0a impress\u00e3o do voto.<\/p>\n<p>\u201cRetomar essa discuss\u00e3o constituiria t\u00e3o somente uma tentativa deliberada de tumultuar o processo eleitoral. O pa\u00eds est\u00e1 precisando, em meio a muitas coisas, de debates de ideias e n\u00e3o de repeti\u00e7\u00e3o de bobagens\u201d, disse Barroso.<\/p>\n<h2>Elogios a Portugal<\/h2>\n<p>Ele contou sobre suas impress\u00f5es, todas muito positivas, da viagem que fez a Portugal para acompanhar as elei\u00e7\u00f5es parlamentares naquele pa\u00eds. Barroso classificou o pleito no pa\u00eds europeu como \u201cum show de organiza\u00e7\u00e3o e democracia\u201d, elogiou a postura dos eleitores e de todos os partidos envolvidos, que aceitaram o resultado final. \u201cTodos aceitaram o resultado com civilidade e com respeito aos vencedores. Sem acusa\u00e7\u00f5es infundadas de fraude, sem grosserias.\u201d<\/p>\n<p>Segundo ele, o ambiente eleitoral foi pavimentado no \u201cdebate p\u00fablico de qualidade\u201d, sem \u00f3dio e dissemina\u00e7\u00e3o de desinforma\u00e7\u00e3o. Pouco mais de 5 milh\u00f5es de eleitores foram \u00e0s urnas no pa\u00eds. \u201cL\u00e1, portanto, eles n\u00e3o precisaram, porque n\u00e3o tinham os problemas, fazer as inova\u00e7\u00f5es e evolu\u00e7\u00f5es que fizemos aqui para eliminarmos, como de fato eliminamos, as fraudes.\u201d<\/p>\n<h2>Cr\u00edticas<\/h2>\n<p>Barroso fez cr\u00edticas a uma fala do presidente Jair Bolsonaro. Um inqu\u00e9rito foi aberto para apurar o suposto vazamento, por Bolsonaro, de informa\u00e7\u00f5es sigilosas sobre a investiga\u00e7\u00e3o da Pol\u00edcia Federal (PF) que apura um ataque de\u00a0<em>hackers<\/em>\u00a0ao sistema de inform\u00e1tica do Tribunal Superior Eleitoral (TSE) em 2018. Na \u00e9poca, o TSE declarou que o ataque n\u00e3o comprometeu a seguran\u00e7a da vota\u00e7\u00e3o.<\/p>\n<p>O\u00a0\u00a0depoimento de Bolsonaro a respeito do caso era esperado para a semana passada, mas o presidente n\u00e3o compareceu \u00e0 Pol\u00edcia Federal para depor.<\/p>\n<p>\u201cO presidente da Rep\u00fablica vazou a estrutura interna da TI [tecnologia da informa\u00e7\u00e3o] do TSE. Tivemos que tomar uma s\u00e9rie de provid\u00eancias de refor\u00e7o da seguran\u00e7a cibern\u00e9tica dos nossos sistemas para nos proteger. Faltam adjetivos para qualificar a atitude deliberada de facilitar a exposi\u00e7\u00e3o do processo eleitoral brasileiro a ataques de criminosos\u201d.<\/p>\n<p>Durante o processo envolvendo o presidente, a Advocacia-Geral da Uni\u00e3o (AGU) argumentou no inqu\u00e9rito que Bolsonaro n\u00e3o divulgou documentos sigilosos e \u201cdeclinou da oitiva pessoal\u201d. Segundo o \u00f3rg\u00e3o, o depoimento pessoal n\u00e3o contribuiria para o processo. Al\u00e9m disso, destacou que decis\u00f5es anteriores da Corte impedem a condu\u00e7\u00e3o coercitiva para depoimento e garantem o \u201cdireito de aus\u00eancia\u201d da defesa.<\/p>\n<h2>Novas urnas<\/h2>\n<p>Barroso apontou, em v\u00e1rias oportunidades, a seguran\u00e7a e a inviolabilidade da urna eletr\u00f4nica. Afirmou que partidos pol\u00edticos e entidades habilitadas j\u00e1 tiveram acesso ao c\u00f3digo fonte da urna eletr\u00f4nica, uma das etapas para garantir transpar\u00eancia e seguran\u00e7a digital das elei\u00e7\u00f5es. A etapa de teste de seguran\u00e7a tamb\u00e9m j\u00e1 foi realizada este ano. Nela, institui\u00e7\u00f5es qualificadas e pessoas f\u00edsicas preparam e realizam ataques \u00e0s urnas eletr\u00f4nicas e ao sistema\u00a0em\u00a0busca de brechas.<\/p>\n<p>O presidente da Corte anunciou a compra de 300 mil novas urnas eletr\u00f4nicas e revelou a dificuldade do TSE em finalizar esse processo. \u201cHavia uma grande disputa no mercado internacional por essas partes e precisamos fazer um esfor\u00e7o de diplomacia para a obten\u00e7\u00e3o dos equipamentos. Foram meses de tens\u00e3o e negocia\u00e7\u00e3o\u201d. Segundo ele, o grande obst\u00e1culo foi a resist\u00eancia do setor automobil\u00edstico, que tem comprado todos os componentes produzidos ultimamente.<\/p>\n<p>Barroso participou da sess\u00e3o de abertura do ano do tribunal de Washington, nos Estados Unidos. Ele est\u00e1 l\u00e1 para receber o relat\u00f3rio final da Organiza\u00e7\u00e3o dos Estados Americanos (OEA) sobre as \u00faltimas elei\u00e7\u00f5es brasileiras. Barroso afirmou que divulgar\u00e1 o conte\u00fado do relat\u00f3rio assim que receb\u00ea-lo.<\/p>\n<p>Ele deixa a presid\u00eancia do TSE este m\u00eas, dando lugar ao ministro Edson Fachin. Ele conduzir\u00e1 grande parte do processo de prepara\u00e7\u00e3o para as elei\u00e7\u00f5es, mas elas ocorrer\u00e3o j\u00e1 sob a presid\u00eancia do ministro Alexandre de Moraes, que assumir\u00e1 o posto em agosto.<\/p>\n<\/p><\/div>\n","protected":false},"excerpt":{"rendered":"<p>O presidente do Tribunal Superior Eleitoral (TSE), ministro Roberto Barroso, abriu o ano legislativo da Corte, que chega ao nonag\u00e9simo [&hellip;]<\/p>\n","protected":false},"author":1,"featured_media":31134,"comment_status":"closed","ping_status":"closed","sticky":false,"template":"","format":"standard","meta":{"footnotes":""},"categories":[354],"tags":[393,434,466,469],"class_list":["post-31132","post","type-post","status-publish","format-standard","has-post-thumbnail","hentry","category-politica","tag-eleicoes-2022","tag-politica","tag-stf","tag-urnas-eletronicas"],"_links":{"self":[{"href":"https:\/\/pageup-solutions.com\/sitenoticiasvc1\/wp-json\/wp\/v2\/posts\/31132","targetHints":{"allow":["GET"]}}],"collection":[{"href":"https:\/\/pageup-solutions.com\/sitenoticiasvc1\/wp-json\/wp\/v2\/posts"}],"about":[{"href":"https:\/\/pageup-solutions.com\/sitenoticiasvc1\/wp-json\/wp\/v2\/types\/post"}],"author":[{"embeddable":true,"href":"https:\/\/pageup-solutions.com\/sitenoticiasvc1\/wp-json\/wp\/v2\/users\/1"}],"replies":[{"embeddable":true,"href":"https:\/\/pageup-solutions.com\/sitenoticiasvc1\/wp-json\/wp\/v2\/comments?post=31132"}],"version-history":[{"count":0,"href":"https:\/\/pageup-solutions.com\/sitenoticiasvc1\/wp-json\/wp\/v2\/posts\/31132\/revisions"}],"wp:featuredmedia":[{"embeddable":true,"href":"https:\/\/pageup-solutions.com\/sitenoticiasvc1\/wp-json\/wp\/v2\/media\/31134"}],"wp:attachment":[{"href":"https:\/\/pageup-solutions.com\/sitenoticiasvc1\/wp-json\/wp\/v2\/media?parent=31132"}],"wp:term":[{"taxonomy":"category","embeddable":true,"href":"https:\/\/pageup-solutions.com\/sitenoticiasvc1\/wp-json\/wp\/v2\/categories?post=31132"},{"taxonomy":"post_tag","embeddable":true,"href":"https:\/\/pageup-solutions.com\/sitenoticiasvc1\/wp-json\/wp\/v2\/tags?post=31132"}],"curies":[{"name":"wp","href":"https:\/\/api.w.org\/{rel}","templated":true}]}}