{"id":31140,"date":"2022-02-02T15:28:57","date_gmt":"2022-02-02T18:28:57","guid":{"rendered":"https:\/\/pageup-solutions.com\/sitenoticiasv14\/vitimas-de-enchentes-em-cidades-da-bahia-e-de-minas-poderao-sacar-fgts\/"},"modified":"2022-02-02T15:28:57","modified_gmt":"2022-02-02T18:28:57","slug":"vitimas-de-enchentes-em-cidades-da-bahia-e-de-minas-poderao-sacar-fgts","status":"publish","type":"post","link":"https:\/\/pageup-solutions.com\/sitenoticiasvc1\/vitimas-de-enchentes-em-cidades-da-bahia-e-de-minas-poderao-sacar-fgts\/","title":{"rendered":"V\u00edtimas de enchentes em cidades da Bahia e de Minas poder\u00e3o sacar FGTS"},"content":{"rendered":"<p>Os trabalhadores de Sabar\u00e1 (MG), Mateus Leme (MG) e Ibicu\u00ed (BA) poder\u00e3o sacar, a partir de amanh\u00e3 (2), o Fundo de Garantia do Tempo de Servi\u00e7o (FGTS) por calamidade. Os munic\u00edpios foram afetados por fortes enchentes recentemente.<\/p>\n<p>Cada trabalhador atingido pelas enchentes poder\u00e1 retirar at\u00e9 R$ 6.220. Somente poder\u00e3o sacar o FGTS os moradores de endere\u00e7os informados pela Defesa Civil dos munic\u00edpios \u00e0 Caixa Econ\u00f4mica Federal.<\/p>\n<p>A retirada poder\u00e1 ser pedida por meio do aplicativo FGTS at\u00e9\u00a014 de abril, no caso de Sabar\u00e1 e Mateus Leme, e\u00a028 de mar\u00e7o, no caso de Ibicu\u00ed. Basta o trabalhador abrir o aplicativo e escolher a op\u00e7\u00e3o <em>Meus Saques<\/em>, sem a necessidade de comparecer a uma ag\u00eancia. Os documentos \u2013 foto de documento de identidade e comprovante de resid\u00eancia em nome do trabalhador at\u00e9 120 dias antes do desastre \u2013 poder\u00e3o ser enviados pelo pr\u00f3prio aplicativo.<\/p>\n<p>Caso o comprovante de resid\u00eancia esteja em nome do c\u00f4njuge, ser\u00e1 necess\u00e1rio tamb\u00e9m enviar certid\u00e3o de casamento ou escritura p\u00fablica de uni\u00e3o est\u00e1vel. O documento tamb\u00e9m pode ser inclu\u00eddo no aplicativo.<\/p>\n<p>Ao pedir o saque, o trabalhador poder\u00e1 indicar o cr\u00e9dito em uma conta da Caixa ou de qualquer outro banco para receber os valores, sem nenhum custo. O prazo para retorno da an\u00e1lise e cr\u00e9dito em conta, caso aprovado o saque, \u00e9 de cinco dias \u00fateis.<\/p>\n<p><a href=\"http:\/\/\u00a0www.caixa.gov.br\/beneficios-trabalhador\/fgts\/\u00a0\" target=\"_blank\" rel=\"noopener\">Mais informa\u00e7\u00f5es podem ser obtidas no site da Caixa<\/a> ou pelo telefone 0800-726-0207.<\/p>\n<p>No \u00faltimo s\u00e1bado (29), come\u00e7aram a retirar o FGTS os moradores de Floresta Azul (BA), Ubaitaba (BA), Vit\u00f3ria da Conquista (BA) e M\u00e1rio Campos (MG). Os moradores dos munic\u00edpios baianos poder\u00e3o fazer o saque at\u00e9\u00a028 de mar\u00e7o. Para os moradores de M\u00e1rio Campos, o prazo vai at\u00e9\u00a014 de abril.<\/p>\n<p>At\u00e9 o momento, a Caixa autorizou o saque antecipado do FGTS para 21 munic\u00edpios da Bahia e oito de Minas Gerais afetados pelas chuvas. Na Bahia, a medida tamb\u00e9m vale para os moradores de Canavieiras, Coaraci, Eun\u00e1polis, Floresta Azul, Gandu, Ibicara\u00ed, Ibicu\u00ed, Ilh\u00e9us, Itabela, Itabuna, Itaju\u00edpe, Itap\u00e9, Itoror\u00f3, Jequi\u00e9, Jiquiri\u00e7\u00e1, Medeiros Neto, Mundo Novo, Prado, Teixeira de Freitas, Ubaitaba e Vit\u00f3ria da Conquista.<\/p>\n<p>Em Minas Gerais, os moradores de \u00c1guas Formosas, Almenara, Machacalis, M\u00e1rio Campos, Mateus Leme, Po\u00e7o Fundo, Rio Manso e Sabar\u00e1 podem retirar o dinheiro.<img decoding=\"async\" src=\"https:\/\/pageup-solutions.com\/sitenoticiasvc1\/wp-content\/uploads\/ebc.png61facd6f1b457.png?id=1439866&#038;o=rss\" style=\"width:1px;height:1px\" \/><img decoding=\"async\" src=\"https:\/\/pageup-solutions.com\/sitenoticiasvc1\/wp-content\/uploads\/ebc.gif61facd6f428a8.png?id=1439866&#038;o=rss\" style=\"width:1px;height:1px\" \/><\/p>\n","protected":false},"excerpt":{"rendered":"<p>Os trabalhadores de Sabar\u00e1 (MG), Mateus Leme (MG) e Ibicu\u00ed (BA) poder\u00e3o sacar, a partir de amanh\u00e3 (2), o Fundo [&hellip;]<\/p>\n","protected":false},"author":1,"featured_media":31141,"comment_status":"open","ping_status":"open","sticky":false,"template":"","format":"standard","meta":{"footnotes":""},"categories":[344],"tags":[],"class_list":["post-31140","post","type-post","status-publish","format-standard","has-post-thumbnail","hentry","category-economia"],"_links":{"self":[{"href":"https:\/\/pageup-solutions.com\/sitenoticiasvc1\/wp-json\/wp\/v2\/posts\/31140","targetHints":{"allow":["GET"]}}],"collection":[{"href":"https:\/\/pageup-solutions.com\/sitenoticiasvc1\/wp-json\/wp\/v2\/posts"}],"about":[{"href":"https:\/\/pageup-solutions.com\/sitenoticiasvc1\/wp-json\/wp\/v2\/types\/post"}],"author":[{"embeddable":true,"href":"https:\/\/pageup-solutions.com\/sitenoticiasvc1\/wp-json\/wp\/v2\/users\/1"}],"replies":[{"embeddable":true,"href":"https:\/\/pageup-solutions.com\/sitenoticiasvc1\/wp-json\/wp\/v2\/comments?post=31140"}],"version-history":[{"count":0,"href":"https:\/\/pageup-solutions.com\/sitenoticiasvc1\/wp-json\/wp\/v2\/posts\/31140\/revisions"}],"wp:featuredmedia":[{"embeddable":true,"href":"https:\/\/pageup-solutions.com\/sitenoticiasvc1\/wp-json\/wp\/v2\/media\/31141"}],"wp:attachment":[{"href":"https:\/\/pageup-solutions.com\/sitenoticiasvc1\/wp-json\/wp\/v2\/media?parent=31140"}],"wp:term":[{"taxonomy":"category","embeddable":true,"href":"https:\/\/pageup-solutions.com\/sitenoticiasvc1\/wp-json\/wp\/v2\/categories?post=31140"},{"taxonomy":"post_tag","embeddable":true,"href":"https:\/\/pageup-solutions.com\/sitenoticiasvc1\/wp-json\/wp\/v2\/tags?post=31140"}],"curies":[{"name":"wp","href":"https:\/\/api.w.org\/{rel}","templated":true}]}}