{"id":31144,"date":"2022-02-02T15:28:52","date_gmt":"2022-02-02T18:28:52","guid":{"rendered":"https:\/\/pageup-solutions.com\/sitenoticiasv14\/presidente-sobrevoa-areas-atingidas-pelas-chuvas-em-sao-paulo\/"},"modified":"2022-02-02T15:28:52","modified_gmt":"2022-02-02T18:28:52","slug":"presidente-sobrevoa-areas-atingidas-pelas-chuvas-em-sao-paulo","status":"publish","type":"post","link":"https:\/\/pageup-solutions.com\/sitenoticiasvc1\/presidente-sobrevoa-areas-atingidas-pelas-chuvas-em-sao-paulo\/","title":{"rendered":"Presidente sobrevoa \u00e1reas atingidas pelas chuvas em S\u00e3o Paulo"},"content":{"rendered":"<div>\n<p>O presidente Jair Bolsonaro sobrevoou\u00a0hoje\u00a0(1\u00aa) \u00e1reas afetadas pelas chuvas dos \u00faltimos dias na Grande S\u00e3o Paulo. Os alagamentos e deslizamentos causaram 24 mortes em todo o estado.<img decoding=\"async\" src=\"https:\/\/pageup-solutions.com\/sitenoticiasvc1\/wp-content\/uploads\/ebc.png61facd7148bdb.png?id=1439774&#038;o=node\"><\/img><img decoding=\"async\" src=\"https:\/\/pageup-solutions.com\/sitenoticiasvc1\/wp-content\/uploads\/ebc.gif61facd7188495.png?id=1439774&#038;o=node\"><\/img><\/p>\n<p>Ap\u00f3s o sobrevoo, o presidente lamentou a trag\u00e9dia e colocou o governo federal \u00e0 disposi\u00e7\u00e3o dos munic\u00edpios atingidos. \u201cEstamos presentes com seis ministros. Tamb\u00e9m n\u00f3s apresentamos a prefeitos para mostrar o que n\u00f3s podemos fazer. Porque n\u00f3s temos disposi\u00e7\u00e3o para minorar o sofrimento das pessoas. Lamentamos as mortes\u201d, disse, em entrevista coletiva\u00a0em Francisco Morato.<\/p>\n<p>Bolsonaro destacou ainda que desde o in\u00edcio, a situa\u00e7\u00e3o dos munic\u00edpios atingidos pelas chuvas t\u00eam sido acompanhada pela Secretaria Nacional de Defesa Civil. Segundo o presidente, o governo vai buscar disponibilizar recursos \u00e0 medida que as prefeituras apresentem as necessidades de cada munic\u00edpio. \u201cOs prefeitos apresentam as suas necessidades e n\u00f3s faremos todo o poss\u00edvel para atend\u00ea-los\u201d, enfatizou.<\/p>\n<p>O ministro do Desenvolvimento Regional, Rog\u00e9rio Marinho, que acompanhou o presidente na viagem a S\u00e3o Paulo, disse que o governo federal tem como prioridade acolher as v\u00edtimas das chuvas. \u201cEsse momento \u00e9 de solidariedade \u00e0s fam\u00edlias que tiveram v\u00edtimas, de acolhimento \u00e0s pessoas que est\u00e3o desabrigadas e de trabalharmos em conjunto com o governo do estado e com os munic\u00edpios, com a sociedade civil organizada para fazermos frente a essas ocorr\u00eancias\u201d, disse.<\/p>\n<p>Nas pr\u00f3ximas semanas, de acordo com o ministro, ser\u00e3o estudadas formas de viabilizar obras preventivas de novos desastres na regi\u00e3o. \u201cN\u00f3s nos comprometemos com os prefeitos que estaremos nos pr\u00f3ximos 15 dias conversando com as prefeituras locais sobre linhas de financiamento e obras estruturantes de maior vulto\u201d.<\/p>\n<p>Apesar de reconhecer o problema das moradias prec\u00e1rias como agravante das dificuldades enfrentadas com os temporais, Marinho afirmou que um volume t\u00e3o grande de chuvas seria um problema\u00a0mesmo em cidades com infraestrutura consolidada. \u201cCair 300 ou 400 mil\u00edmetros de \u00e1gua em um per\u00edodo restrito em uma determinada regi\u00e3o, eu acho que nem Nova York vai aguentar\u201d, comparou.<\/p>\n<p>Para o ministro, a situa\u00e7\u00e3o \u00e9 semelhante \u00e0 enfrentada em outros estados. \u201cN\u00f3s estamos vivendo um per\u00edodo em que, o que choveu no sul da Bahia, no norte de Minas Gerais, foi sem precedente nos \u00faltimos 30 anos\u201d, acrescentou.<\/p>\n<p>Al\u00e9m do ministro da infraestrutura, o titular da Cidadania, Jo\u00e3o Roma, tamb\u00e9m ofereceu apoio \u00e0s pessoas atingidas. \u201cA nossa fun\u00e7\u00e3o \u00e9 acolher as pessoas. Temos que\u00a0ter\u00a0cuidado com aquelas pessoas que perderam tudo que tinham\u201d, disse, sobre as a\u00e7\u00f5es de assist\u00eancia social que ser\u00e3o oferecidas.<\/p>\n<\/p><\/div>\n","protected":false},"excerpt":{"rendered":"<p>O presidente Jair Bolsonaro sobrevoou\u00a0hoje\u00a0(1\u00aa) \u00e1reas afetadas pelas chuvas dos \u00faltimos dias na Grande S\u00e3o Paulo. Os alagamentos e deslizamentos [&hellip;]<\/p>\n","protected":false},"author":1,"featured_media":31145,"comment_status":"closed","ping_status":"closed","sticky":false,"template":"","format":"standard","meta":{"footnotes":""},"categories":[354],"tags":[376,409,434,456,465],"class_list":["post-31144","post","type-post","status-publish","format-standard","has-post-thumbnail","hentry","category-politica","tag-chuvas","tag-jair-bolsonaro","tag-politica","tag-sao-paulo","tag-sobrevoo"],"_links":{"self":[{"href":"https:\/\/pageup-solutions.com\/sitenoticiasvc1\/wp-json\/wp\/v2\/posts\/31144","targetHints":{"allow":["GET"]}}],"collection":[{"href":"https:\/\/pageup-solutions.com\/sitenoticiasvc1\/wp-json\/wp\/v2\/posts"}],"about":[{"href":"https:\/\/pageup-solutions.com\/sitenoticiasvc1\/wp-json\/wp\/v2\/types\/post"}],"author":[{"embeddable":true,"href":"https:\/\/pageup-solutions.com\/sitenoticiasvc1\/wp-json\/wp\/v2\/users\/1"}],"replies":[{"embeddable":true,"href":"https:\/\/pageup-solutions.com\/sitenoticiasvc1\/wp-json\/wp\/v2\/comments?post=31144"}],"version-history":[{"count":0,"href":"https:\/\/pageup-solutions.com\/sitenoticiasvc1\/wp-json\/wp\/v2\/posts\/31144\/revisions"}],"wp:featuredmedia":[{"embeddable":true,"href":"https:\/\/pageup-solutions.com\/sitenoticiasvc1\/wp-json\/wp\/v2\/media\/31145"}],"wp:attachment":[{"href":"https:\/\/pageup-solutions.com\/sitenoticiasvc1\/wp-json\/wp\/v2\/media?parent=31144"}],"wp:term":[{"taxonomy":"category","embeddable":true,"href":"https:\/\/pageup-solutions.com\/sitenoticiasvc1\/wp-json\/wp\/v2\/categories?post=31144"},{"taxonomy":"post_tag","embeddable":true,"href":"https:\/\/pageup-solutions.com\/sitenoticiasvc1\/wp-json\/wp\/v2\/tags?post=31144"}],"curies":[{"name":"wp","href":"https:\/\/api.w.org\/{rel}","templated":true}]}}