{"id":31148,"date":"2022-02-02T15:28:56","date_gmt":"2022-02-02T18:28:56","guid":{"rendered":"https:\/\/pageup-solutions.com\/sitenoticiasv14\/quase-600-mil-empresas-pediram-adesao-ao-simples-em-janeiro\/"},"modified":"2022-02-02T15:28:56","modified_gmt":"2022-02-02T18:28:56","slug":"quase-600-mil-empresas-pediram-adesao-ao-simples-em-janeiro","status":"publish","type":"post","link":"https:\/\/pageup-solutions.com\/sitenoticiasvc1\/quase-600-mil-empresas-pediram-adesao-ao-simples-em-janeiro\/","title":{"rendered":"Quase 600 mil empresas pediram ades\u00e3o ao Simples em janeiro"},"content":{"rendered":"<p>Quase 600 mil micro e pequenas empresas e microempreendedores individuais (MEI) pediram ades\u00e3o ao Simples Nacional em janeiro, divulgou\u00a0hoje\u00a0(1\u00ba) a Receita Federal. Segundo o Fisco, foram recebidos 599.876 pedidos de op\u00e7\u00e3o pelo regime especial de tributa\u00e7\u00e3o.<img decoding=\"async\" src=\"https:\/\/pageup-solutions.com\/sitenoticiasvc1\/wp-content\/uploads\/ebc.png61facd724225c.png?id=1439848&#038;o=rss\" style=\"width:1px;height:1px\" \/><img decoding=\"async\" src=\"https:\/\/pageup-solutions.com\/sitenoticiasvc1\/wp-content\/uploads\/ebc.gif61facd7274b99.png?id=1439848&#038;o=rss\" style=\"width:1px;height:1px\" \/><\/p>\n<p>Desse total, 437.477 contribuintes est\u00e3o com pend\u00eancias e devem regularizar as d\u00edvidas com o Simples Nacional at\u00e9 o fim\u00a0de mar\u00e7o. H\u00e1 cerca de 10 dias, o Comit\u00ea Gestor do Simples Nacional aprovou a extens\u00e3o em dois meses \u2013 de\u00a031 de janeiro\u00a0para\u00a031 de mar\u00e7o \u2013 do <a href=\"https:\/\/agenciabrasil.ebc.com.br\/economia\/noticia\/2022-01\/dividas-do-simples-poderao-ser-pagas-ou-renegociadas-ate-31-de-marco\" target=\"_blank\" rel=\"noopener\">prazo para que os empres\u00e1rios e MEI paguem ou renegociem d\u00e9bitos em atraso<\/a>.<\/p>\n<p>Esses contribuintes podem ser beneficiados caso o Congresso derrube, at\u00e9 o \u00faltimo dia\u00a0de mar\u00e7o, o <a href=\"https:\/\/agenciabrasil.ebc.com.br\/politica\/noticia\/2022-01\/governo-veta-renegociacao-de-dividas-de-meis-e-de-pequenas-empresas\" target=\"_blank\" rel=\"noopener\">veto do presidente Jair Bolsonaro<\/a>\u00a0\u00e0 renegocia\u00e7\u00e3o especial de d\u00e9bitos do Simples Nacional. A Receita Federal orienta que os contribuintes regularizem a situa\u00e7\u00e3o o mais r\u00e1pido poss\u00edvel para se beneficiarem do Simples Nacional, que unifica o pagamento de tributos federais, estaduais e municipais numa \u00fanica guia, com al\u00edquotas reduzidas.<\/p>\n<p>Segundo o balan\u00e7o da Receita, dos quase 600 mil pedidos de ades\u00e3o ou de reinclus\u00e3o ao Simples Nacional, 133.455 foram aprovados, com o contribuinte passando a fazer parte do regime especial. Um total de 2.405 pedidos foram rejeitados e 26.539 foram cancelados.<\/p>\n<p>O prazo para pedir ades\u00e3o ou a reinclus\u00e3o no Simples Nacional acabou\u00a0ontem\u00a0(31). Diferentemente da regulariza\u00e7\u00e3o de d\u00e9bitos, a data n\u00e3o p\u00f4de ser prorrogada porque o prazo de ades\u00e3o \u00e9 definido pela <a href=\"http:\/\/www.planalto.gov.br\/ccivil_03\/leis\/lcp\/lcp123.htm\" target=\"_blank\" rel=\"noopener\">Lei Complementar 123\/2006<\/a>, que criou o regime especial.<\/p>\n","protected":false},"excerpt":{"rendered":"<p>Quase 600 mil micro e pequenas empresas e microempreendedores individuais (MEI) pediram ades\u00e3o ao Simples Nacional em janeiro, divulgou\u00a0hoje\u00a0(1\u00ba) a [&hellip;]<\/p>\n","protected":false},"author":1,"featured_media":31149,"comment_status":"open","ping_status":"open","sticky":false,"template":"","format":"standard","meta":{"footnotes":""},"categories":[344],"tags":[],"class_list":["post-31148","post","type-post","status-publish","format-standard","has-post-thumbnail","hentry","category-economia"],"_links":{"self":[{"href":"https:\/\/pageup-solutions.com\/sitenoticiasvc1\/wp-json\/wp\/v2\/posts\/31148","targetHints":{"allow":["GET"]}}],"collection":[{"href":"https:\/\/pageup-solutions.com\/sitenoticiasvc1\/wp-json\/wp\/v2\/posts"}],"about":[{"href":"https:\/\/pageup-solutions.com\/sitenoticiasvc1\/wp-json\/wp\/v2\/types\/post"}],"author":[{"embeddable":true,"href":"https:\/\/pageup-solutions.com\/sitenoticiasvc1\/wp-json\/wp\/v2\/users\/1"}],"replies":[{"embeddable":true,"href":"https:\/\/pageup-solutions.com\/sitenoticiasvc1\/wp-json\/wp\/v2\/comments?post=31148"}],"version-history":[{"count":0,"href":"https:\/\/pageup-solutions.com\/sitenoticiasvc1\/wp-json\/wp\/v2\/posts\/31148\/revisions"}],"wp:featuredmedia":[{"embeddable":true,"href":"https:\/\/pageup-solutions.com\/sitenoticiasvc1\/wp-json\/wp\/v2\/media\/31149"}],"wp:attachment":[{"href":"https:\/\/pageup-solutions.com\/sitenoticiasvc1\/wp-json\/wp\/v2\/media?parent=31148"}],"wp:term":[{"taxonomy":"category","embeddable":true,"href":"https:\/\/pageup-solutions.com\/sitenoticiasvc1\/wp-json\/wp\/v2\/categories?post=31148"},{"taxonomy":"post_tag","embeddable":true,"href":"https:\/\/pageup-solutions.com\/sitenoticiasvc1\/wp-json\/wp\/v2\/tags?post=31148"}],"curies":[{"name":"wp","href":"https:\/\/api.w.org\/{rel}","templated":true}]}}