{"id":31163,"date":"2022-02-02T15:28:53","date_gmt":"2022-02-02T18:28:53","guid":{"rendered":"https:\/\/pageup-solutions.com\/sitenoticiasv14\/docas-do-rio-poe-a-venda-edificio-sede-proximo-a-praca-maua\/"},"modified":"2022-02-02T15:28:53","modified_gmt":"2022-02-02T18:28:53","slug":"docas-do-rio-poe-a-venda-edificio-sede-proximo-a-praca-maua","status":"publish","type":"post","link":"https:\/\/pageup-solutions.com\/sitenoticiasvc1\/docas-do-rio-poe-a-venda-edificio-sede-proximo-a-praca-maua\/","title":{"rendered":"Docas do Rio p\u00f5e \u00e0 venda edif\u00edcio-sede pr\u00f3ximo \u00e0 Pra\u00e7a Mau\u00e1"},"content":{"rendered":"<p>A Companhia Docas do Rio\u00a0de Janeiro\u00a0(CDRJ), que administra os portos do Rio\u00a0de Janeiro, Itagua\u00ed, Niter\u00f3i e Angra dos Reis, colocou \u00e0 venda o edif\u00edcio-sede da empresa, situado na Rua do Acre, 21, regi\u00e3o portu\u00e1ria da capital, a poucos metros da Pra\u00e7a Mau\u00e1.<img decoding=\"async\" src=\"https:\/\/pageup-solutions.com\/sitenoticiasvc1\/wp-content\/uploads\/ebc.png61facd82c5e56.png?id=1439812&#038;o=rss\" style=\"width:1px;height:1px\" \/><img decoding=\"async\" src=\"https:\/\/pageup-solutions.com\/sitenoticiasvc1\/wp-content\/uploads\/ebc.gif61facd82eca55.png?id=1439812&#038;o=rss\" style=\"width:1px;height:1px\" \/><\/p>\n<p>O im\u00f3vel tem 13 andares, duas lojas e dois segmentos no subsolo e possui 5.628,84 metros quadrados (m\u00b2) de \u00e1rea constru\u00edda. O valor estimado foi reduzido dos iniciais R$ 28,4 milh\u00f5es para R$ 21,8 milh\u00f5es, segundo informou\u00a0hoje\u00a0(1\u00ba) \u00e0 <strong>Ag\u00eancia Brasil<\/strong> o gerente de Desenvolvimento de Neg\u00f3cios de Docas, Eduardo Correia Miguez.<\/p>\n<p>A venda foi anunciada pela Autoridade Portu\u00e1ria, depois de conclu\u00edda a mudan\u00e7a dos setores administrativos para a sede provis\u00f3ria na Rua\u00a0Dom\u00a0Gerardo, 35, im\u00f3vel tamb\u00e9m pertencente \u00e0 companhia, onde as equipes ocupam o d\u00e9cimo andar.<\/p>\n<p>Eduardo Correia Miguez afirmou que a expectativa \u00e9 vender o pr\u00e9dio este ano. \u201cA gente est\u00e1 buscando, primeiro, identificar interessados, sejam p\u00fablicos ou privados mas, internamente, a gente j\u00e1 iniciou os tr\u00e2mites para a elabora\u00e7\u00e3o do edital. Em seguida, ser\u00e1 iniciado o processo externo de licita\u00e7\u00e3o, no modelo preg\u00e3o eletr\u00f4nico\u201d. Miguez informou que a manifesta\u00e7\u00e3o de interessados \u00e9 desej\u00e1vel at\u00e9 para avaliar o sucesso da opera\u00e7\u00e3o. O im\u00f3vel est\u00e1 vazio.<\/p>\n<h2>Atra\u00e7\u00f5es<\/h2>\n<div class=\"dnd-widget-wrapper context-cheio_8colunas type-image\">\n<div class=\"dnd-atom-rendered\"><!-- scald=277851:cheio_8colunas --><\/p>\n<div class=\"shadow overflow-hidden rounded-lg d-block zoom-on-hover-sm shadow-hover w-100\">\n            <img decoding=\"async\" src=\"https:\/\/pageup-solutions.com\/sitenoticiasvc1\/wp-content\/uploads\/loading_v2-1.gif\" data-echo=\"https:\/\/pageup-solutions.com\/sitenoticiasvc1\/wp-content\/uploads\/trbr6734.jpg?itok=AMnFUsH0\" alt=\"Fachada do edif\u00edcio que abrigou a sede da empresa Companhia Docas do Rio de Janeiro (CDRJ), na rua Acre, 21, regi\u00e3o portu\u00e1ria, centro da cidade.\" title=\"T\u00e2nia R\u00eago\/Ag\u00eancia Brasil\" class=\"flex-fill img-cover\"><br \/>\n        <img decoding=\"async\" src=\"https:\/\/pageup-solutions.com\/sitenoticiasvc1\/wp-content\/uploads\/trbr6734.jpg?itok=AMnFUsH0\" alt=\"Fachada do edif\u00edcio que abrigou a sede da empresa Companhia Docas do Rio de Janeiro (CDRJ), na rua Acre, 21, regi\u00e3o portu\u00e1ria, centro da cidade.\" title=\"T\u00e2nia R\u00eago\/Ag\u00eancia Brasil\" class=\"flex-fill img-cover\">\n    <\/div>\n<p><!-- END scald=277851 --><\/div>\n<div class=\"dnd-caption-wrapper\">\n<div class=\"meta\"><!--copyright=277851-->Fachada do edif\u00edcio que abrigou a sede da empresa Companhia Docas do Rio de Janeiro (CDRJ), na rua Acre, 21, regi\u00e3o portu\u00e1ria, centro da cidade. &#8211; <strong>T\u00e2nia R\u00eago\/Ag\u00eancia Brasil<\/strong><!--END copyright=277851--><\/div>\n<\/div>\n<\/div>\n<p>As empresas interessadas na compra devem entrar em contato com a equipe comercial da Companhia Docas do Rio pelo e-mail\u00a0gerden@portosrio.gov.br. Informa\u00e7\u00f5es tamb\u00e9m est\u00e3o <a href=\"https:\/\/www.portosrio.gov.br\/pt-br\/negocios\/oportunidades-de-negocios\" target=\"_blank\" rel=\"noopener\">dispon\u00edveis pela internet<\/a>.<\/p>\n<p>Al\u00e9m do acesso facilitado pelas esta\u00e7\u00f5es de metr\u00f4 (Uruguaiana) e VLT (S\u00e3o Bento), o edif\u00edcio que abrigava a sede administrativa da Docas do Rio tem localiza\u00e7\u00e3o considerada privilegiada porque est\u00e1 bem pr\u00f3ximo de diversas atra\u00e7\u00f5es do Porto Maravilha, como o Museu do Amanh\u00e3, Museu de Arte do Rio, Pier Mau\u00e1, Boulevard Ol\u00edmpico, Largo S\u00e3o Francisco da Prainha, Roda Gigante Rio Star, AquaRio e o futuro Mercado do Porto.<\/p>\n<p>Miguez revelou ainda que a companhia pretende\u00a0fazer obras no pr\u00e9dio administrativo do Porto do Rio, na Rua Rodrigues Alves, 20, para abrigar todas as equipes da CDRJ. Alguns setores da empresa j\u00e1 est\u00e3o funcionando no local. \u201cA sede vai ser deslocada para l\u00e1\u201d.<\/p>\n<h2>Recorde hist\u00f3rico<\/h2>\n<p>A CDRJ registrou recorde hist\u00f3rico de faturamento anual ao atingir, em 2021, a marca de R$ 1,050 bilh\u00e3o, o que significa aumento, em termos nominais, isto \u00e9, descontada a infla\u00e7\u00e3o, de 62,1% em rela\u00e7\u00e3o a 2020. Os quatro portos administrados pela Autoridade Portu\u00e1ria \u2013 Rio\u00a0de Janeiro, Itagua\u00ed, Niter\u00f3i e Angra dos Reis &#8211; movimentaram, juntos, 61,9 milh\u00f5es de toneladas, maior volume de cargas em tr\u00eas anos.<\/p>\n<p>O diretor-presidente da Docas do Rio, Francisco Antonio de Magalh\u00e3es Laranjeira, avaliou que o resultado financeiro obtido pela primeira vez na hist\u00f3ria da companhia se deve a uma conjuga\u00e7\u00e3o de fatores.<\/p>\n<p>\u201cO faturamento extraordin\u00e1rio de 2021 foi impulsionado tanto pela alta na movimenta\u00e7\u00e3o de cargas, quanto pelas vari\u00e1veis como a taxa de c\u00e2mbio e o pre\u00e7o do min\u00e9rio de ferro no mercado internacional, que amplificaram as receitas da exporta\u00e7\u00e3o dessa nossa principal <em>commodity<\/em>\u00a0(produto agr\u00edcola ou mineral comercializado no mercado exterior)\u201d. Laranjeira destacou tamb\u00e9m as negocia\u00e7\u00f5es bem-sucedidas com os principais parceiros comerciais, a efetiva gest\u00e3o do fluxo de caixa e o menor \u00edndice de d\u00edvidas dos \u00faltimos anos.<\/p>\n<p>O presidente da CDRJ disse que o desempenho registrado no ano passado evidencia a tend\u00eancia de retomada econ\u00f4mica, ap\u00f3s um per\u00edodo dif\u00edcil em raz\u00e3o da pandemia de covid-19, ao mesmo tempo em que consolida a import\u00e2ncia do complexo portu\u00e1rio fluminense para o desenvolvimento do pa\u00eds. Laranjeira acredita que o ritmo de crescimento dever\u00e1 se manter em 2022, \u201ccom a busca constante de efici\u00eancia administrativa e operacional\u201d.<\/p>\n<h2>Cargas<\/h2>\n<p>O relat\u00f3rio feito pela \u00e1rea de Planejamento de Neg\u00f3cios da companhia mostra que a movimenta\u00e7\u00e3o de 61,9 milh\u00f5es de toneladas registrada no ano passado foi 13,2% superior ao total alcan\u00e7ado em 2020. De acordo com o relat\u00f3rio, o desempenho de 2021 foi positivamente impactado pelo crescimento nas exporta\u00e7\u00f5es de min\u00e9rio de ferro, com 44,8 milh\u00f5es de toneladas movimentadas, alta de 13,7% em rela\u00e7\u00e3o a 2020. Os dados indicam tamb\u00e9m aumento de 9,6% na movimenta\u00e7\u00e3o de carga conteinerizada, em especial no Porto do Rio\u00a0de Janeiro, informou a empresa.\u00a0<\/p>\n","protected":false},"excerpt":{"rendered":"<p>A Companhia Docas do Rio\u00a0de Janeiro\u00a0(CDRJ), que administra os portos do Rio\u00a0de Janeiro, Itagua\u00ed, Niter\u00f3i e Angra dos Reis, colocou [&hellip;]<\/p>\n","protected":false},"author":1,"featured_media":31164,"comment_status":"open","ping_status":"open","sticky":false,"template":"","format":"standard","meta":{"footnotes":""},"categories":[344],"tags":[],"class_list":["post-31163","post","type-post","status-publish","format-standard","has-post-thumbnail","hentry","category-economia"],"_links":{"self":[{"href":"https:\/\/pageup-solutions.com\/sitenoticiasvc1\/wp-json\/wp\/v2\/posts\/31163","targetHints":{"allow":["GET"]}}],"collection":[{"href":"https:\/\/pageup-solutions.com\/sitenoticiasvc1\/wp-json\/wp\/v2\/posts"}],"about":[{"href":"https:\/\/pageup-solutions.com\/sitenoticiasvc1\/wp-json\/wp\/v2\/types\/post"}],"author":[{"embeddable":true,"href":"https:\/\/pageup-solutions.com\/sitenoticiasvc1\/wp-json\/wp\/v2\/users\/1"}],"replies":[{"embeddable":true,"href":"https:\/\/pageup-solutions.com\/sitenoticiasvc1\/wp-json\/wp\/v2\/comments?post=31163"}],"version-history":[{"count":0,"href":"https:\/\/pageup-solutions.com\/sitenoticiasvc1\/wp-json\/wp\/v2\/posts\/31163\/revisions"}],"wp:featuredmedia":[{"embeddable":true,"href":"https:\/\/pageup-solutions.com\/sitenoticiasvc1\/wp-json\/wp\/v2\/media\/31164"}],"wp:attachment":[{"href":"https:\/\/pageup-solutions.com\/sitenoticiasvc1\/wp-json\/wp\/v2\/media?parent=31163"}],"wp:term":[{"taxonomy":"category","embeddable":true,"href":"https:\/\/pageup-solutions.com\/sitenoticiasvc1\/wp-json\/wp\/v2\/categories?post=31163"},{"taxonomy":"post_tag","embeddable":true,"href":"https:\/\/pageup-solutions.com\/sitenoticiasvc1\/wp-json\/wp\/v2\/tags?post=31163"}],"curies":[{"name":"wp","href":"https:\/\/api.w.org\/{rel}","templated":true}]}}