{"id":31167,"date":"2022-02-02T15:28:52","date_gmt":"2022-02-02T18:28:52","guid":{"rendered":"https:\/\/pageup-solutions.com\/sitenoticiasv14\/balanca-comercial-registra-deficit-de-us-176-milhoes-em-janeiro\/"},"modified":"2022-02-02T15:28:52","modified_gmt":"2022-02-02T18:28:52","slug":"balanca-comercial-registra-deficit-de-us-176-milhoes-em-janeiro","status":"publish","type":"post","link":"https:\/\/pageup-solutions.com\/sitenoticiasvc1\/balanca-comercial-registra-deficit-de-us-176-milhoes-em-janeiro\/","title":{"rendered":"Balan\u00e7a comercial registra d\u00e9ficit de US$ 176 milh\u00f5es em janeiro"},"content":{"rendered":"<p>Em janeiro, a balan\u00e7a comercial registrou d\u00e9ficit de US$ 176 milh\u00f5es, pressionada pelos custos internacionais da energia. Esse \u00e9 o terceiro ano seguido em que as importa\u00e7\u00f5es superaram as exporta\u00e7\u00f5es no primeiro m\u00eas do ano, tradicionalmente marcado por d\u00e9ficits comerciais.<img decoding=\"async\" src=\"https:\/\/pageup-solutions.com\/sitenoticiasvc1\/wp-content\/uploads\/ebc.png61facd8a0b6e8.png?id=1439800&#038;o=rss\" style=\"width:1px;height:1px\" \/><img decoding=\"async\" src=\"https:\/\/pageup-solutions.com\/sitenoticiasvc1\/wp-content\/uploads\/ebc.gif61facd8a33e93.png?id=1439800&#038;o=rss\" style=\"width:1px;height:1px\" \/><\/p>\n<p>Apesar do resultado negativo, o d\u00e9ficit comercial caiu 20% em rela\u00e7\u00e3o a janeiro de 2021, quando o pa\u00eds tinha importado R$ 220 milh\u00f5es a mais do que tinha exportado. A \u00faltima vez em que o pa\u00eds tinha registrado super\u00e1vit comercial em janeiro foi em 2018, com resultado positivo de US$ 1,656 bilh\u00e3o.<\/p>\n<p>O saldo ficou negativo, apesar de as vendas externas terem batido recorde para o m\u00eas, desde o in\u00edcio da s\u00e9rie hist\u00f3rica, em 1989. No m\u00eas passado, as exporta\u00e7\u00f5es somaram US$ 19,673 bilh\u00f5es, com alta de 25,3% em rela\u00e7\u00e3o a janeiro de 2021 pelo crit\u00e9rio da m\u00e9dia di\u00e1ria. O recorde anterior havia sido registrado em janeiro de 2018 (US$ 16,769 bilh\u00f5es).<\/p>\n<p>As importa\u00e7\u00f5es totalizaram US$ 19,849 bilh\u00f5es, crescimento de 24,6% na compara\u00e7\u00e3o com o mesmo m\u00eas do ano passado, tamb\u00e9m pela m\u00e9dia di\u00e1ria. O valor foi o terceiro mais alto registrado para meses de janeiro desde 1989, perdendo apenas para janeiro de 2014 (US$ 20,238 bilh\u00f5es) e de 2013 (US$ 20,157 bilh\u00f5es).<\/p>\n<h2>Setores<\/h2>\n<p>Em janeiro, a agropecu\u00e1ria e a ind\u00fastria de transforma\u00e7\u00e3o registraram crescimento nas vendas para o exterior. O valor das exporta\u00e7\u00f5es agropecu\u00e1rias subiu 97,5% em janeiro na compara\u00e7\u00e3o com o mesmo m\u00eas do ano passado. O principal fator foi a recupera\u00e7\u00e3o da safra de soja, que fez as exporta\u00e7\u00f5es saltarem 5.007% no per\u00edodo.<\/p>\n<p>No fim de 2020 e no in\u00edcio de 2021, o Brasil enfrentou uma crise na safra de soja, que levou o pa\u00eds a importar o gr\u00e3o por alguns meses para suprir a demanda. Outros produtos que estavam em crise no ano passado tamb\u00e9m iniciaram 2022 com recupera\u00e7\u00e3o nas exporta\u00e7\u00f5es, como o milho n\u00e3o mo\u00eddo (43% em rela\u00e7\u00e3o a janeiro de 2021) e caf\u00e9 n\u00e3o torrado (34,5%).<\/p>\n<p>Ao longo do ano passado, a seca e as geadas provocaram diversas quebras de safras. Em janeiro, o volume de mercadorias agropecu\u00e1rias exportadas aumentou 60,1%, enquanto o pre\u00e7o m\u00e9dio subiu 28,6%.<\/p>\n<p>As vendas da ind\u00fastria de transforma\u00e7\u00e3o subiram 36,1% em janeiro na compara\u00e7\u00e3o com o mesmo m\u00eas de 2020. Os destaques foram combust\u00edveis (120,7%), gorduras e \u00f3leos vegetais (1.106,2%) e produtos semiacabados de ferro ou a\u00e7o (179,7%).<\/p>\n<p>Prejudicadas pela queda no pre\u00e7o internacional de alguns min\u00e9rios, as exporta\u00e7\u00f5es da ind\u00fastria extrativa recuaram 18,6% em rela\u00e7\u00e3o a janeiro do ano passado. Contribu\u00edram para a queda os min\u00e9rios de ferro (36,8%) e de cobre (68,8%).<\/p>\n<p>Do lado das importa\u00e7\u00f5es, as compras do exterior da agropecu\u00e1ria ca\u00edram 15,7% em janeiro na compara\u00e7\u00e3o com janeiro do ano passado. Por causa da alta no pre\u00e7o internacional do petr\u00f3leo, a ind\u00fastria extrativa registrou alta de 325,8% nas compras do exterior. As importa\u00e7\u00f5es da ind\u00fastria de transforma\u00e7\u00e3o subiram 14,9%. Os principais destaques foram g\u00e1s natural (501%), petr\u00f3leo bruto (420,1%) e carv\u00e3o mineral (335,5%).<\/p>\n<h2>Estimativa<\/h2>\n<p>Para 2022, <a href=\"https:\/\/agenciabrasil.ebc.com.br\/economia\/noticia\/2022-01\/ministerio-projeta-superavit-comercial-de-us-794-bi-em-2022\" target=\"_blank\" rel=\"noopener\">o governo prev\u00ea super\u00e1vit de US$ 79,4 bilh\u00f5es<\/a>, valor parecido com o deste ano. A estimativa j\u00e1 considera a nova metodologia de c\u00e1lculo da balan\u00e7a comercial. As proje\u00e7\u00f5es est\u00e3o mais otimistas que as do mercado financeiro. O Boletim Focus, pesquisa com analistas de mercado divulgada toda semana pelo Banco Central, projeta super\u00e1vit de US$ 57,2 bilh\u00f5es neste ano.<\/p>\n<p>Em abril do ano passado, o Minist\u00e9rio da Economia <a href=\"https:\/\/agenciabrasil.ebc.com.br\/economia\/noticia\/2021-04\/superavit-comercial-de-2021-sobe-quase-cinco-vezes-com-novo-calculo\" target=\"_blank\" rel=\"noopener\">mudou o c\u00e1lculo da balan\u00e7a comercial<\/a>. Entre as principais altera\u00e7\u00f5es, est\u00e3o a exclus\u00e3o de exporta\u00e7\u00f5es e importa\u00e7\u00f5es fict\u00edcias de plataformas de petr\u00f3leo. Nessas opera\u00e7\u00f5es, plataformas de petr\u00f3leo que jamais sa\u00edram do pa\u00eds eram contabilizadas como exporta\u00e7\u00e3o, ao serem registradas em subsidi\u00e1rias da Petrobras no exterior, e como importa\u00e7\u00e3o, ao serem registradas no Brasil.<\/p>\n<p>Outras mudan\u00e7as foram a inclus\u00e3o, nas importa\u00e7\u00f5es, da energia el\u00e9trica produzida pela usina de Itaipu e comprada do Paraguai, num total de US$ 1,5 bilh\u00e3o por ano, e das compras feitas pelo programa Recof, que concede isen\u00e7\u00e3o tribut\u00e1ria a importa\u00e7\u00f5es usadas para produ\u00e7\u00e3o de bens que ser\u00e3o exportados. Toda a s\u00e9rie hist\u00f3rica a partir de 1989 foi revisada com a nova metodologia.<\/p>\n","protected":false},"excerpt":{"rendered":"<p>Em janeiro, a balan\u00e7a comercial registrou d\u00e9ficit de US$ 176 milh\u00f5es, pressionada pelos custos internacionais da energia. Esse \u00e9 o [&hellip;]<\/p>\n","protected":false},"author":1,"featured_media":31168,"comment_status":"open","ping_status":"open","sticky":false,"template":"","format":"standard","meta":{"footnotes":""},"categories":[344],"tags":[],"class_list":["post-31167","post","type-post","status-publish","format-standard","has-post-thumbnail","hentry","category-economia"],"_links":{"self":[{"href":"https:\/\/pageup-solutions.com\/sitenoticiasvc1\/wp-json\/wp\/v2\/posts\/31167","targetHints":{"allow":["GET"]}}],"collection":[{"href":"https:\/\/pageup-solutions.com\/sitenoticiasvc1\/wp-json\/wp\/v2\/posts"}],"about":[{"href":"https:\/\/pageup-solutions.com\/sitenoticiasvc1\/wp-json\/wp\/v2\/types\/post"}],"author":[{"embeddable":true,"href":"https:\/\/pageup-solutions.com\/sitenoticiasvc1\/wp-json\/wp\/v2\/users\/1"}],"replies":[{"embeddable":true,"href":"https:\/\/pageup-solutions.com\/sitenoticiasvc1\/wp-json\/wp\/v2\/comments?post=31167"}],"version-history":[{"count":0,"href":"https:\/\/pageup-solutions.com\/sitenoticiasvc1\/wp-json\/wp\/v2\/posts\/31167\/revisions"}],"wp:featuredmedia":[{"embeddable":true,"href":"https:\/\/pageup-solutions.com\/sitenoticiasvc1\/wp-json\/wp\/v2\/media\/31168"}],"wp:attachment":[{"href":"https:\/\/pageup-solutions.com\/sitenoticiasvc1\/wp-json\/wp\/v2\/media?parent=31167"}],"wp:term":[{"taxonomy":"category","embeddable":true,"href":"https:\/\/pageup-solutions.com\/sitenoticiasvc1\/wp-json\/wp\/v2\/categories?post=31167"},{"taxonomy":"post_tag","embeddable":true,"href":"https:\/\/pageup-solutions.com\/sitenoticiasvc1\/wp-json\/wp\/v2\/tags?post=31167"}],"curies":[{"name":"wp","href":"https:\/\/api.w.org\/{rel}","templated":true}]}}