{"id":31171,"date":"2022-02-02T15:28:51","date_gmt":"2022-02-02T18:28:51","guid":{"rendered":"https:\/\/pageup-solutions.com\/sitenoticiasv14\/produtores-e-governo-discutem-formas-de-ampliar-a-exportacao-de-frutas\/"},"modified":"2022-02-02T15:28:51","modified_gmt":"2022-02-02T18:28:51","slug":"produtores-e-governo-discutem-formas-de-ampliar-a-exportacao-de-frutas","status":"publish","type":"post","link":"https:\/\/pageup-solutions.com\/sitenoticiasvc1\/produtores-e-governo-discutem-formas-de-ampliar-a-exportacao-de-frutas\/","title":{"rendered":"Produtores e governo discutem formas de ampliar a exporta\u00e7\u00e3o de frutas"},"content":{"rendered":"<p>Respons\u00e1vel por cerca de 5,5 milh\u00f5es de empregos diretos, a fruticultura brasileira almeja consolidar a exporta\u00e7\u00e3o de parte da produ\u00e7\u00e3o nacional para destinos tradicionais e alcan\u00e7ar novos mercados, especialmente a China, cuja popula\u00e7\u00e3o, em 2020, consumiu US$ 138,9 bilh\u00f5es em frutas locais e de v\u00e1rios outros pa\u00edses.<img decoding=\"async\" src=\"https:\/\/pageup-solutions.com\/sitenoticiasvc1\/wp-content\/uploads\/ebc.png61facd8e31171.png?id=1439781&#038;o=rss\" style=\"width:1px;height:1px\" \/><img decoding=\"async\" src=\"https:\/\/pageup-solutions.com\/sitenoticiasvc1\/wp-content\/uploads\/ebc.gif61facd8e59d18.png?id=1439781&#038;o=rss\" style=\"width:1px;height:1px\" \/><\/p>\n<p>A estrat\u00e9gia, que j\u00e1 conta com o aux\u00edlio do Minist\u00e9rio da Agricultura, Pecu\u00e1ria e Abastecimento (Mapa), parece ter ganhado um refor\u00e7o de peso nesta segunda-feira (31), com a visita do ministro das Rela\u00e7\u00f5es Exteriores, Carlos Fran\u00e7a, a um dos maiores polos da fruticultura nacional, o Vale do S\u00e3o Francisco, entre Pernambuco e a Bahia.<\/p>\n<p>Acompanhado pelo presidente da Ag\u00eancia Brasileira de Promo\u00e7\u00e3o de Exporta\u00e7\u00f5es e Investimentos (Apex-Brasil), Augusto Pestana, Fran\u00e7a visitou a regi\u00e3o a convite da Associa\u00e7\u00e3o Brasileira dos Produtores e Exportadores de Frutas e Derivados (Abrafrutas). Em Petrolina (PE), o chanceler visitou fazendas, uma vin\u00edcola e se reuniu com produtores, que enfatizaram a import\u00e2ncia da conclus\u00e3o do acordo de livre com\u00e9rcio entre o Mercosul e a Uni\u00e3o Europeia.<\/p>\n<p>\u201cTratamos de alguns pleitos dos produtores, sendo que o principal deles \u00e9 o acordo de livre com\u00e9rcio entre o Mercosul e a Comunidade Europeia\u201d, disse \u00e0 Ag\u00eancia Brasil o presidente da Abrafrutas, Guilherme Coelho. Segundo ele, a assinatura do tratado eliminar\u00e1 tarifas alfandeg\u00e1rias, barateando os custos da exporta\u00e7\u00e3o dos produtos brasileiros para o bloco de 27 pa\u00edses europeus.<\/p>\n<p>\u201cUm exemplo \u00e9 a uva. Quando n\u00f3s exportamos para a comunidade europeia, pagamos entre 8% e 14% de impostos. Outros pa\u00edses exportadores, como o Chile, o Peru e a \u00c1frica do Sul n\u00e3o pagam nada, o que \u00e9 desleal. O acordo de livre com\u00e9rcio j\u00e1 prev\u00ea que, assim que ele entrar em vigor, esse <em>import duty<\/em> [imposto de importa\u00e7\u00e3o] cair\u00e1 a zero\u201d, acrescentou Coelho, explicando que a desonera\u00e7\u00e3o incidir\u00e1, gradualmente, sobre outras frutas vendidas \u00e0 Uni\u00e3o Europeia.<\/p>\n<p>\u201cTamb\u00e9m tratamos [com o ministro Carlos Fran\u00e7a] da import\u00e2ncia da abertura de novos mercados. O Mapa j\u00e1 nos d\u00e1 esse apoio, negociando, derrubando barreiras sanit\u00e1rias e atuando em outras quest\u00f5es, mas o Minist\u00e9rio das Rela\u00e7\u00f5es Exteriores pode nos ajudar a identificar e fazer a interlocu\u00e7\u00e3o com outros pa\u00edses que queiram importar nossos produtos\u201d, disse Coelho.<\/p>\n<p>Nas redes sociais, o <a href=\"https:\/\/twitter.com\/ItamaratyGovBr\/status\/1488246466527338500?cxt=HHwWiIC9-daRqKcpAAAA\" target=\"_blank\" rel=\"noopener\">Itamaraty confirmou a inten\u00e7\u00e3o<\/a> de, em conjunto com a Abrafrutas, promover a exporta\u00e7\u00e3o dos produtos nacionais a fim de \u201caumentar a participa\u00e7\u00e3o brasileira no mercado internacional\u201d.<\/p>\n<p>Em 2021, o Brasil exportou 1,24 milh\u00e3o de toneladas de frutas frescas,\u00a0 resultado 18% superior ao de 2020. Com isso, o setor faturou US$ 1,21 bilh\u00e3o, ou 20% a mais que no ano anterior, <a href=\"https:\/\/www.conab.gov.br\/info-agro\/hortigranjeiros-prohort\/boletim-hortigranjeiro\" target=\"_blank\" rel=\"noopener\">conforme levantamento da Companhia Nacional de Abastecimento (Conab)<\/a>.\u00a0<\/p>\n<p>Entre as frutas mais vendidas para o mercado externo em 2021, est\u00e3o a manga, mel\u00e3o, uva, lim\u00e3o, nozes e castanhas, melancia, banana, ma\u00e7\u00e3 e mam\u00e3o. Os principais destinos internacionais dos produtos brasileiros foram a Uni\u00e3o Europeia, os Estados Unidos, o Reino Unido, a Argentina e o Canad\u00e1.<\/p>\n<p>Mesmo com os resultados positivos, o presidente da Abrafrutas sustenta que o Brasil ainda tem muito a crescer. \u201cTemos frutos de excelente qualidade e um \u00f3timo conceito no exterior. H\u00e1, ainda, muito a avan\u00e7ar. Por isso os apoios s\u00e3o importantes\u201d.<\/p>\n","protected":false},"excerpt":{"rendered":"<p>Respons\u00e1vel por cerca de 5,5 milh\u00f5es de empregos diretos, a fruticultura brasileira almeja consolidar a exporta\u00e7\u00e3o de parte da produ\u00e7\u00e3o [&hellip;]<\/p>\n","protected":false},"author":1,"featured_media":31172,"comment_status":"open","ping_status":"open","sticky":false,"template":"","format":"standard","meta":{"footnotes":""},"categories":[344],"tags":[],"class_list":["post-31171","post","type-post","status-publish","format-standard","has-post-thumbnail","hentry","category-economia"],"_links":{"self":[{"href":"https:\/\/pageup-solutions.com\/sitenoticiasvc1\/wp-json\/wp\/v2\/posts\/31171","targetHints":{"allow":["GET"]}}],"collection":[{"href":"https:\/\/pageup-solutions.com\/sitenoticiasvc1\/wp-json\/wp\/v2\/posts"}],"about":[{"href":"https:\/\/pageup-solutions.com\/sitenoticiasvc1\/wp-json\/wp\/v2\/types\/post"}],"author":[{"embeddable":true,"href":"https:\/\/pageup-solutions.com\/sitenoticiasvc1\/wp-json\/wp\/v2\/users\/1"}],"replies":[{"embeddable":true,"href":"https:\/\/pageup-solutions.com\/sitenoticiasvc1\/wp-json\/wp\/v2\/comments?post=31171"}],"version-history":[{"count":0,"href":"https:\/\/pageup-solutions.com\/sitenoticiasvc1\/wp-json\/wp\/v2\/posts\/31171\/revisions"}],"wp:featuredmedia":[{"embeddable":true,"href":"https:\/\/pageup-solutions.com\/sitenoticiasvc1\/wp-json\/wp\/v2\/media\/31172"}],"wp:attachment":[{"href":"https:\/\/pageup-solutions.com\/sitenoticiasvc1\/wp-json\/wp\/v2\/media?parent=31171"}],"wp:term":[{"taxonomy":"category","embeddable":true,"href":"https:\/\/pageup-solutions.com\/sitenoticiasvc1\/wp-json\/wp\/v2\/categories?post=31171"},{"taxonomy":"post_tag","embeddable":true,"href":"https:\/\/pageup-solutions.com\/sitenoticiasvc1\/wp-json\/wp\/v2\/tags?post=31171"}],"curies":[{"name":"wp","href":"https:\/\/api.w.org\/{rel}","templated":true}]}}